{"id":5937,"date":"2023-07-28T10:41:00","date_gmt":"2023-07-28T08:41:00","guid":{"rendered":"https:\/\/ehh.ro\/?p=5937"},"modified":"2025-02-24T12:16:47","modified_gmt":"2025-02-24T11:16:47","slug":"predarea-artei-populare-si-in-acelasi-timp-aducerea-ei-la-viata-panorama-din-calugareni","status":"publish","type":"post","link":"https:\/\/ehh.ro\/ro\/stiri\/predarea-artei-populare-si-in-acelasi-timp-aducerea-ei-la-viata-panorama-din-calugareni\/","title":{"rendered":"Predarea artei populare \u0219i, \u00een acela\u0219i timp, aducerea ei la via\u021b\u0103 &#8211; panoram\u0103 din C\u0103lug\u0103reni"},"content":{"rendered":"<p>\u201eLa acest al patrulea eveniment, care a devenit deja o tradi\u0163ie la C\u0103lug\u0103reni, s-a pus \u00een centrul aten\u0163iei educa\u0163ia \u00een artele populare. Poate c\u0103 nu trebuie s\u0103 subliniez c\u00e2t de important\u0103 este prezen\u021ba instructorilor preg\u0103ti\u021bi \u00een toate ramurile artei populare. F\u0103r\u0103 ele, nu putem promova educa\u0163ia pentru a iubi arta popular\u0103. Cele spuse \u00eemp\u00e2nzesc programul de dou\u0103 zile al Universit\u0103\u021bii Deschise din C\u0103lug\u0103reni. Ne-am g\u00e2ndit s\u0103 avem trei teme principale &#8211; jocuri pentru copii \u0219i basme, \u00een al doilea r\u00e2nd, c\u00e2ntec-muzic\u0103 \u0219i dans, \u0219i \u00een al treilea r\u00e2nd, tema caselor de la \u021bar\u0103, colec\u021bii de art\u0103 popular\u0103 \u0219i e\u0219antion de comori.\u201d (Bal\u00e1zs B\u00e9csi Gy\u00f6ngyi, pre\u0219edinte al Funda\u021biei Kall\u00f3s Zolt\u00e1n, responsabil de eveniment)<\/p><figure class=\"wp-block-image\"><img decoding=\"async\" src=\"https:\/\/dev.ehh.ro\/files\/Mikh%C3%A1za_el%C5%91ad%C3%A1sok\/Mikhaza_2023\/gyongyi_kicsi.jpg\" alt=\"gyongyi kicsi\"\/><\/figure><p>\u201e Ini\u021biativa noastr\u0103 din C\u0103lug\u0103reni \u0219i-a atins scopul. Datorit\u0103 organiz\u0103rii \u0219i structurii de program bine structurate, nu am fost niciodat\u0103 at\u00e2t de mul\u021bi ca acum. Mereu m\u0103 \u00eentreb de ce organiz\u0103m aceast\u0103 serie de programe \u00een C\u0103lug\u0103reni, dar c\u00e2nd \u00eemi amintesc de trecutul a\u0219ez\u0103rii, \u0219i r\u0103spunsul este evident: locul este depozitarul secolelor de cultur\u0103, iar ceea ce este al nostru trebuie luat \u00eenapoi. Nu trebuie s\u0103 l\u0103s\u0103m propria noastr\u0103 mo\u0219tenire nesupravegheat\u0103, dup\u0103 cum a zis \u0219i Rousseau: \u201es\u0103 ne cultiv\u0103m gr\u0103dinile\u201d. Dac\u0103 respect\u0103m acest lucru, suntem demni de viitorul nostru. C\u0103lug\u0103reni este pentru noi ca stupul pentru albine, ne \u00eentoarcem aici. Locul este \u0219i un punct de \u00eent\u00e2lnire, un forum \u00een societatea individual\u0103, unde cei care vin aici pot vorbi, iar schimbul de experien\u021be aprofundat, valoros, ofer\u0103 tuturor muni\u021bie.\u201d (Kelemen L\u00e1szl\u00f3, pre\u0219edintele Funda\u021biei Casa Tradi\u021biilor Ardelene\u0219ti)<\/p><figure class=\"wp-block-image\"><img decoding=\"async\" src=\"https:\/\/dev.ehh.ro\/files\/Mikh%C3%A1za_el%C5%91ad%C3%A1sok\/Mikhaza_2023\/kelemen_kicsi.jpg\" alt=\"kelemen kicsi\"\/><\/figure><figure class=\"wp-block-image\"><img decoding=\"async\" src=\"https:\/\/dev.ehh.ro\/files\/Mikh%C3%A1za_el%C5%91ad%C3%A1sok\/Mikhaza_2023\/magos_kicsi.jpg\" alt=\"magos kicsi\"\/><\/figure>","protected":false},"excerpt":{"rendered":"<p>\u201eLa acest al patrulea eveniment, care a devenit deja o tradi\u0163ie la C\u0103lug\u0103reni, s-a pus \u00een centrul aten\u0163iei educa\u0163ia \u00een artele populare. Poate c\u0103 nu trebuie s\u0103 subliniez c\u00e2t de important\u0103 este prezen\u021ba instructorilor preg\u0103ti\u021bi \u00een toate ramurile artei populare. F\u0103r\u0103 ele, nu putem promova educa\u0163ia pentru a iubi arta popular\u0103. Cele spuse \u00eemp\u00e2nzesc programul&hellip;<\/p>\n","protected":false},"author":1,"featured_media":5938,"comment_status":"closed","ping_status":"closed","sticky":false,"template":"","format":"standard","meta":{"_acf_changed":false,"inline_featured_image":false,"footnotes":""},"categories":[180],"tags":[218,201,202,221,192,200,197,195,225,196],"class_list":["post-5937","post","type-post","status-publish","format-standard","has-post-thumbnail","hentry","category-stiri","tag-activitati-mestesugaresc","tag-artizan","tag-calugareni","tag-copii","tag-cultura","tag-curs","tag-dans-popular","tag-muzica-populara-2","tag-tabara","tag-traditie","category-180","description-off"],"acf":[],"yoast_head":"<!-- This site is optimized with the Yoast SEO plugin v23.6 - https:\/\/yoast.com\/wordpress\/plugins\/seo\/ -->\n<title>Predarea artei populare \u0219i, \u00een acela\u0219i timp, aducerea ei la via\u021b\u0103 - panoram\u0103 din C\u0103lug\u0103reni - Erd\u00e9lyi Hagyom\u00e1nyok H\u00e1za<\/title>\n<meta name=\"robots\" content=\"index, follow, max-snippet:-1, max-image-preview:large, max-video-preview:-1\" \/>\n<link rel=\"canonical\" href=\"https:\/\/ehh.ro\/ro\/stiri\/predarea-artei-populare-si-in-acelasi-timp-aducerea-ei-la-viata-panorama-din-calugareni\/\" \/>\n<meta property=\"og:locale\" content=\"ro_RO\" \/>\n<meta property=\"og:type\" content=\"article\" \/>\n<meta property=\"og:title\" content=\"Predarea artei populare \u0219i, \u00een acela\u0219i timp, aducerea ei la via\u021b\u0103 - panoram\u0103 din C\u0103lug\u0103reni - Erd\u00e9lyi Hagyom\u00e1nyok H\u00e1za\" \/>\n<meta property=\"og:description\" content=\"\u201eLa acest al patrulea eveniment, care a devenit deja o tradi\u0163ie la C\u0103lug\u0103reni, s-a pus \u00een centrul aten\u0163iei educa\u0163ia \u00een artele populare. Poate c\u0103 nu trebuie s\u0103 subliniez c\u00e2t de important\u0103 este prezen\u021ba instructorilor preg\u0103ti\u021bi \u00een toate ramurile artei populare. F\u0103r\u0103 ele, nu putem promova educa\u0163ia pentru a iubi arta popular\u0103. Cele spuse \u00eemp\u00e2nzesc programul&hellip;\" \/>\n<meta property=\"og:url\" content=\"https:\/\/ehh.ro\/ro\/stiri\/predarea-artei-populare-si-in-acelasi-timp-aducerea-ei-la-viata-panorama-din-calugareni\/\" \/>\n<meta property=\"og:site_name\" content=\"Erd\u00e9lyi Hagyom\u00e1nyok H\u00e1za\" \/>\n<meta property=\"article:publisher\" content=\"https:\/\/www.facebook.com\/ErdelyiHagyomanyokHaza\" \/>\n<meta property=\"article:published_time\" content=\"2023-07-28T08:41:00+00:00\" \/>\n<meta property=\"article:modified_time\" content=\"2025-02-24T11:16:47+00:00\" \/>\n<meta property=\"og:image\" content=\"https:\/\/ehh.ro\/wp-content\/uploads\/2025\/02\/nyariegyetem_kicsi-scaled.jpg\" \/>\n\t<meta property=\"og:image:width\" content=\"2560\" \/>\n\t<meta property=\"og:image:height\" content=\"1707\" \/>\n\t<meta property=\"og:image:type\" content=\"image\/jpeg\" \/>\n<meta name=\"author\" content=\"ehh\" \/>\n<meta name=\"twitter:card\" content=\"summary_large_image\" \/>\n<meta name=\"twitter:label1\" content=\"Scris de\" \/>\n\t<meta name=\"twitter:data1\" content=\"ehh\" \/>\n\t<meta name=\"twitter:label2\" content=\"Timp estimat pentru citire\" \/>\n\t<meta name=\"twitter:data2\" content=\"2 minute\" \/>\n<script type=\"application\/ld+json\" class=\"yoast-schema-graph\">{\"@context\":\"https:\/\/schema.org\",\"@graph\":[{\"@type\":\"Article\",\"@id\":\"https:\/\/ehh.ro\/ro\/stiri\/predarea-artei-populare-si-in-acelasi-timp-aducerea-ei-la-viata-panorama-din-calugareni\/#article\",\"isPartOf\":{\"@id\":\"https:\/\/ehh.ro\/ro\/stiri\/predarea-artei-populare-si-in-acelasi-timp-aducerea-ei-la-viata-panorama-din-calugareni\/\"},\"author\":{\"name\":\"ehh\",\"@id\":\"https:\/\/ehh.ro\/#\/schema\/person\/22c0869ca773b3ea08fd0be8b672477e\"},\"headline\":\"Predarea artei populare \u0219i, \u00een acela\u0219i timp, aducerea ei la via\u021b\u0103 &#8211; panoram\u0103 din C\u0103lug\u0103reni\",\"datePublished\":\"2023-07-28T08:41:00+00:00\",\"dateModified\":\"2025-02-24T11:16:47+00:00\",\"mainEntityOfPage\":{\"@id\":\"https:\/\/ehh.ro\/ro\/stiri\/predarea-artei-populare-si-in-acelasi-timp-aducerea-ei-la-viata-panorama-din-calugareni\/\"},\"wordCount\":322,\"publisher\":{\"@id\":\"https:\/\/ehh.ro\/#organization\"},\"image\":{\"@id\":\"https:\/\/ehh.ro\/ro\/stiri\/predarea-artei-populare-si-in-acelasi-timp-aducerea-ei-la-viata-panorama-din-calugareni\/#primaryimage\"},\"thumbnailUrl\":\"https:\/\/ehh.ro\/wp-content\/uploads\/2025\/02\/nyariegyetem_kicsi-scaled.jpg\",\"keywords\":[\"activit\u0103\u021bi me\u0219te\u0219ug\u0103resc\",\"artizan\",\"C\u0103lug\u0103reni\",\"copii\",\"cultura\",\"curs\",\"dans popular\",\"muzica popular\u0103\",\"tab\u0103r\u0103\",\"tradi\u021bie\"],\"articleSection\":[\"\u015etiri\"],\"inLanguage\":\"ro-RO\"},{\"@type\":\"WebPage\",\"@id\":\"https:\/\/ehh.ro\/ro\/stiri\/predarea-artei-populare-si-in-acelasi-timp-aducerea-ei-la-viata-panorama-din-calugareni\/\",\"url\":\"https:\/\/ehh.ro\/ro\/stiri\/predarea-artei-populare-si-in-acelasi-timp-aducerea-ei-la-viata-panorama-din-calugareni\/\",\"name\":\"Predarea artei populare \u0219i, \u00een acela\u0219i timp, aducerea ei la via\u021b\u0103 - panoram\u0103 din C\u0103lug\u0103reni - Erd\u00e9lyi Hagyom\u00e1nyok H\u00e1za\",\"isPartOf\":{\"@id\":\"https:\/\/ehh.ro\/#website\"},\"primaryImageOfPage\":{\"@id\":\"https:\/\/ehh.ro\/ro\/stiri\/predarea-artei-populare-si-in-acelasi-timp-aducerea-ei-la-viata-panorama-din-calugareni\/#primaryimage\"},\"image\":{\"@id\":\"https:\/\/ehh.ro\/ro\/stiri\/predarea-artei-populare-si-in-acelasi-timp-aducerea-ei-la-viata-panorama-din-calugareni\/#primaryimage\"},\"thumbnailUrl\":\"https:\/\/ehh.ro\/wp-content\/uploads\/2025\/02\/nyariegyetem_kicsi-scaled.jpg\",\"datePublished\":\"2023-07-28T08:41:00+00:00\",\"dateModified\":\"2025-02-24T11:16:47+00:00\",\"breadcrumb\":{\"@id\":\"https:\/\/ehh.ro\/ro\/stiri\/predarea-artei-populare-si-in-acelasi-timp-aducerea-ei-la-viata-panorama-din-calugareni\/#breadcrumb\"},\"inLanguage\":\"ro-RO\",\"potentialAction\":[{\"@type\":\"ReadAction\",\"target\":[\"https:\/\/ehh.ro\/ro\/stiri\/predarea-artei-populare-si-in-acelasi-timp-aducerea-ei-la-viata-panorama-din-calugareni\/\"]}]},{\"@type\":\"ImageObject\",\"inLanguage\":\"ro-RO\",\"@id\":\"https:\/\/ehh.ro\/ro\/stiri\/predarea-artei-populare-si-in-acelasi-timp-aducerea-ei-la-viata-panorama-din-calugareni\/#primaryimage\",\"url\":\"https:\/\/ehh.ro\/wp-content\/uploads\/2025\/02\/nyariegyetem_kicsi-scaled.jpg\",\"contentUrl\":\"https:\/\/ehh.ro\/wp-content\/uploads\/2025\/02\/nyariegyetem_kicsi-scaled.jpg\",\"width\":2560,\"height\":1707},{\"@type\":\"BreadcrumbList\",\"@id\":\"https:\/\/ehh.ro\/ro\/stiri\/predarea-artei-populare-si-in-acelasi-timp-aducerea-ei-la-viata-panorama-din-calugareni\/#breadcrumb\",\"itemListElement\":[{\"@type\":\"ListItem\",\"position\":1,\"name\":\"Home\",\"item\":\"https:\/\/ehh.ro\/ro\/\"},{\"@type\":\"ListItem\",\"position\":2,\"name\":\"Predarea artei populare \u0219i, \u00een acela\u0219i timp, aducerea ei la via\u021b\u0103 &#8211; panoram\u0103 din C\u0103lug\u0103reni\"}]},{\"@type\":\"WebSite\",\"@id\":\"https:\/\/ehh.ro\/#website\",\"url\":\"https:\/\/ehh.ro\/\",\"name\":\"Erd\u00e9lyi Hagyom\u00e1nyok H\u00e1za\",\"description\":\"\",\"publisher\":{\"@id\":\"https:\/\/ehh.ro\/#organization\"},\"potentialAction\":[{\"@type\":\"SearchAction\",\"target\":{\"@type\":\"EntryPoint\",\"urlTemplate\":\"https:\/\/ehh.ro\/?s={search_term_string}\"},\"query-input\":{\"@type\":\"PropertyValueSpecification\",\"valueRequired\":true,\"valueName\":\"search_term_string\"}}],\"inLanguage\":\"ro-RO\"},{\"@type\":\"Organization\",\"@id\":\"https:\/\/ehh.ro\/#organization\",\"name\":\"Erd\u00e9lyi Hagyom\u00e1nyok H\u00e1za\",\"url\":\"https:\/\/ehh.ro\/\",\"logo\":{\"@type\":\"ImageObject\",\"inLanguage\":\"ro-RO\",\"@id\":\"https:\/\/ehh.ro\/#\/schema\/logo\/image\/\",\"url\":\"https:\/\/ehh.ro\/wp-content\/uploads\/2024\/10\/favicon-152.png\",\"contentUrl\":\"https:\/\/ehh.ro\/wp-content\/uploads\/2024\/10\/favicon-152.png\",\"width\":152,\"height\":152,\"caption\":\"Erd\u00e9lyi Hagyom\u00e1nyok H\u00e1za\"},\"image\":{\"@id\":\"https:\/\/ehh.ro\/#\/schema\/logo\/image\/\"},\"sameAs\":[\"https:\/\/www.facebook.com\/ErdelyiHagyomanyokHaza\"]},{\"@type\":\"Person\",\"@id\":\"https:\/\/ehh.ro\/#\/schema\/person\/22c0869ca773b3ea08fd0be8b672477e\",\"name\":\"ehh\",\"sameAs\":[\"https:\/\/ehh.ro\"],\"url\":\"https:\/\/ehh.ro\/ro\/author\/ehh\/\"}]}<\/script>\n<!-- \/ Yoast SEO plugin. -->","yoast_head_json":{"title":"Predarea artei populare \u0219i, \u00een acela\u0219i timp, aducerea ei la via\u021b\u0103 - panoram\u0103 din C\u0103lug\u0103reni - Erd\u00e9lyi Hagyom\u00e1nyok H\u00e1za","robots":{"index":"index","follow":"follow","max-snippet":"max-snippet:-1","max-image-preview":"max-image-preview:large","max-video-preview":"max-video-preview:-1"},"canonical":"https:\/\/ehh.ro\/ro\/stiri\/predarea-artei-populare-si-in-acelasi-timp-aducerea-ei-la-viata-panorama-din-calugareni\/","og_locale":"ro_RO","og_type":"article","og_title":"Predarea artei populare \u0219i, \u00een acela\u0219i timp, aducerea ei la via\u021b\u0103 - panoram\u0103 din C\u0103lug\u0103reni - Erd\u00e9lyi Hagyom\u00e1nyok H\u00e1za","og_description":"\u201eLa acest al patrulea eveniment, care a devenit deja o tradi\u0163ie la C\u0103lug\u0103reni, s-a pus \u00een centrul aten\u0163iei educa\u0163ia \u00een artele populare. Poate c\u0103 nu trebuie s\u0103 subliniez c\u00e2t de important\u0103 este prezen\u021ba instructorilor preg\u0103ti\u021bi \u00een toate ramurile artei populare. F\u0103r\u0103 ele, nu putem promova educa\u0163ia pentru a iubi arta popular\u0103. Cele spuse \u00eemp\u00e2nzesc programul&hellip;","og_url":"https:\/\/ehh.ro\/ro\/stiri\/predarea-artei-populare-si-in-acelasi-timp-aducerea-ei-la-viata-panorama-din-calugareni\/","og_site_name":"Erd\u00e9lyi Hagyom\u00e1nyok H\u00e1za","article_publisher":"https:\/\/www.facebook.com\/ErdelyiHagyomanyokHaza","article_published_time":"2023-07-28T08:41:00+00:00","article_modified_time":"2025-02-24T11:16:47+00:00","og_image":[{"width":2560,"height":1707,"url":"https:\/\/ehh.ro\/wp-content\/uploads\/2025\/02\/nyariegyetem_kicsi-scaled.jpg","type":"image\/jpeg"}],"author":"ehh","twitter_card":"summary_large_image","twitter_misc":{"Scris de":"ehh","Timp estimat pentru citire":"2 minute"},"schema":{"@context":"https:\/\/schema.org","@graph":[{"@type":"Article","@id":"https:\/\/ehh.ro\/ro\/stiri\/predarea-artei-populare-si-in-acelasi-timp-aducerea-ei-la-viata-panorama-din-calugareni\/#article","isPartOf":{"@id":"https:\/\/ehh.ro\/ro\/stiri\/predarea-artei-populare-si-in-acelasi-timp-aducerea-ei-la-viata-panorama-din-calugareni\/"},"author":{"name":"ehh","@id":"https:\/\/ehh.ro\/#\/schema\/person\/22c0869ca773b3ea08fd0be8b672477e"},"headline":"Predarea artei populare \u0219i, \u00een acela\u0219i timp, aducerea ei la via\u021b\u0103 &#8211; panoram\u0103 din C\u0103lug\u0103reni","datePublished":"2023-07-28T08:41:00+00:00","dateModified":"2025-02-24T11:16:47+00:00","mainEntityOfPage":{"@id":"https:\/\/ehh.ro\/ro\/stiri\/predarea-artei-populare-si-in-acelasi-timp-aducerea-ei-la-viata-panorama-din-calugareni\/"},"wordCount":322,"publisher":{"@id":"https:\/\/ehh.ro\/#organization"},"image":{"@id":"https:\/\/ehh.ro\/ro\/stiri\/predarea-artei-populare-si-in-acelasi-timp-aducerea-ei-la-viata-panorama-din-calugareni\/#primaryimage"},"thumbnailUrl":"https:\/\/ehh.ro\/wp-content\/uploads\/2025\/02\/nyariegyetem_kicsi-scaled.jpg","keywords":["activit\u0103\u021bi me\u0219te\u0219ug\u0103resc","artizan","C\u0103lug\u0103reni","copii","cultura","curs","dans popular","muzica popular\u0103","tab\u0103r\u0103","tradi\u021bie"],"articleSection":["\u015etiri"],"inLanguage":"ro-RO"},{"@type":"WebPage","@id":"https:\/\/ehh.ro\/ro\/stiri\/predarea-artei-populare-si-in-acelasi-timp-aducerea-ei-la-viata-panorama-din-calugareni\/","url":"https:\/\/ehh.ro\/ro\/stiri\/predarea-artei-populare-si-in-acelasi-timp-aducerea-ei-la-viata-panorama-din-calugareni\/","name":"Predarea artei populare \u0219i, \u00een acela\u0219i timp, aducerea ei la via\u021b\u0103 - panoram\u0103 din C\u0103lug\u0103reni - Erd\u00e9lyi Hagyom\u00e1nyok H\u00e1za","isPartOf":{"@id":"https:\/\/ehh.ro\/#website"},"primaryImageOfPage":{"@id":"https:\/\/ehh.ro\/ro\/stiri\/predarea-artei-populare-si-in-acelasi-timp-aducerea-ei-la-viata-panorama-din-calugareni\/#primaryimage"},"image":{"@id":"https:\/\/ehh.ro\/ro\/stiri\/predarea-artei-populare-si-in-acelasi-timp-aducerea-ei-la-viata-panorama-din-calugareni\/#primaryimage"},"thumbnailUrl":"https:\/\/ehh.ro\/wp-content\/uploads\/2025\/02\/nyariegyetem_kicsi-scaled.jpg","datePublished":"2023-07-28T08:41:00+00:00","dateModified":"2025-02-24T11:16:47+00:00","breadcrumb":{"@id":"https:\/\/ehh.ro\/ro\/stiri\/predarea-artei-populare-si-in-acelasi-timp-aducerea-ei-la-viata-panorama-din-calugareni\/#breadcrumb"},"inLanguage":"ro-RO","potentialAction":[{"@type":"ReadAction","target":["https:\/\/ehh.ro\/ro\/stiri\/predarea-artei-populare-si-in-acelasi-timp-aducerea-ei-la-viata-panorama-din-calugareni\/"]}]},{"@type":"ImageObject","inLanguage":"ro-RO","@id":"https:\/\/ehh.ro\/ro\/stiri\/predarea-artei-populare-si-in-acelasi-timp-aducerea-ei-la-viata-panorama-din-calugareni\/#primaryimage","url":"https:\/\/ehh.ro\/wp-content\/uploads\/2025\/02\/nyariegyetem_kicsi-scaled.jpg","contentUrl":"https:\/\/ehh.ro\/wp-content\/uploads\/2025\/02\/nyariegyetem_kicsi-scaled.jpg","width":2560,"height":1707},{"@type":"BreadcrumbList","@id":"https:\/\/ehh.ro\/ro\/stiri\/predarea-artei-populare-si-in-acelasi-timp-aducerea-ei-la-viata-panorama-din-calugareni\/#breadcrumb","itemListElement":[{"@type":"ListItem","position":1,"name":"Home","item":"https:\/\/ehh.ro\/ro\/"},{"@type":"ListItem","position":2,"name":"Predarea artei populare \u0219i, \u00een acela\u0219i timp, aducerea ei la via\u021b\u0103 &#8211; panoram\u0103 din C\u0103lug\u0103reni"}]},{"@type":"WebSite","@id":"https:\/\/ehh.ro\/#website","url":"https:\/\/ehh.ro\/","name":"Erd\u00e9lyi Hagyom\u00e1nyok H\u00e1za","description":"","publisher":{"@id":"https:\/\/ehh.ro\/#organization"},"potentialAction":[{"@type":"SearchAction","target":{"@type":"EntryPoint","urlTemplate":"https:\/\/ehh.ro\/?s={search_term_string}"},"query-input":{"@type":"PropertyValueSpecification","valueRequired":true,"valueName":"search_term_string"}}],"inLanguage":"ro-RO"},{"@type":"Organization","@id":"https:\/\/ehh.ro\/#organization","name":"Erd\u00e9lyi Hagyom\u00e1nyok H\u00e1za","url":"https:\/\/ehh.ro\/","logo":{"@type":"ImageObject","inLanguage":"ro-RO","@id":"https:\/\/ehh.ro\/#\/schema\/logo\/image\/","url":"https:\/\/ehh.ro\/wp-content\/uploads\/2024\/10\/favicon-152.png","contentUrl":"https:\/\/ehh.ro\/wp-content\/uploads\/2024\/10\/favicon-152.png","width":152,"height":152,"caption":"Erd\u00e9lyi Hagyom\u00e1nyok H\u00e1za"},"image":{"@id":"https:\/\/ehh.ro\/#\/schema\/logo\/image\/"},"sameAs":["https:\/\/www.facebook.com\/ErdelyiHagyomanyokHaza"]},{"@type":"Person","@id":"https:\/\/ehh.ro\/#\/schema\/person\/22c0869ca773b3ea08fd0be8b672477e","name":"ehh","sameAs":["https:\/\/ehh.ro"],"url":"https:\/\/ehh.ro\/ro\/author\/ehh\/"}]}},"_links":{"self":[{"href":"https:\/\/ehh.ro\/ro\/wp-json\/wp\/v2\/posts\/5937","targetHints":{"allow":["GET"]}}],"collection":[{"href":"https:\/\/ehh.ro\/ro\/wp-json\/wp\/v2\/posts"}],"about":[{"href":"https:\/\/ehh.ro\/ro\/wp-json\/wp\/v2\/types\/post"}],"author":[{"embeddable":true,"href":"https:\/\/ehh.ro\/ro\/wp-json\/wp\/v2\/users\/1"}],"replies":[{"embeddable":true,"href":"https:\/\/ehh.ro\/ro\/wp-json\/wp\/v2\/comments?post=5937"}],"version-history":[{"count":1,"href":"https:\/\/ehh.ro\/ro\/wp-json\/wp\/v2\/posts\/5937\/revisions"}],"predecessor-version":[{"id":5941,"href":"https:\/\/ehh.ro\/ro\/wp-json\/wp\/v2\/posts\/5937\/revisions\/5941"}],"wp:featuredmedia":[{"embeddable":true,"href":"https:\/\/ehh.ro\/ro\/wp-json\/wp\/v2\/media\/5938"}],"wp:attachment":[{"href":"https:\/\/ehh.ro\/ro\/wp-json\/wp\/v2\/media?parent=5937"}],"wp:term":[{"taxonomy":"category","embeddable":true,"href":"https:\/\/ehh.ro\/ro\/wp-json\/wp\/v2\/categories?post=5937"},{"taxonomy":"post_tag","embeddable":true,"href":"https:\/\/ehh.ro\/ro\/wp-json\/wp\/v2\/tags?post=5937"}],"curies":[{"name":"wp","href":"https:\/\/api.w.org\/{rel}","templated":true}]}}