{"id":5892,"date":"2023-06-30T10:04:00","date_gmt":"2023-06-30T08:04:00","guid":{"rendered":"https:\/\/ehh.ro\/?p=5892"},"modified":"2025-02-19T10:06:15","modified_gmt":"2025-02-19T09:06:15","slug":"kalaka-viata-de-apoi-a-unei-emisiuni-tv-construita-pe-miscarea-casei-de-dans-popular","status":"publish","type":"post","link":"https:\/\/ehh.ro\/ro\/stiri\/kalaka-viata-de-apoi-a-unei-emisiuni-tv-construita-pe-miscarea-casei-de-dans-popular\/","title":{"rendered":"KAL\u00c1KA &#8211; Via\u021ba de apoi a unei emisiuni TV construit\u0103 pe mi\u0219carea casei de dans popular"},"content":{"rendered":"<p>Ne-am adunat la o comemorare la Casa Tradi\u021biilor Ardelene\u0219ti pe 20 aprilie 2023, pentru readucerea la via\u021b\u0103 a unui program de televiziune de aproape o jum\u0103tate de secol, Kal\u00e1ka. Kal\u00e1ka, bazat pe mi\u0219carea casei de dans popular, a fost unul dintre cele mai importante programe ale emisiunii maghiare de la Televiziunea Rom\u00e2n\u0103. Cele nou\u0103 emisiuni realizate \u00een trei ani, \u00eentre 21 noiembrie 1977 \u0219i 24 octombrie 1980, au avut o importan\u021b\u0103 determinant\u0103 p\u00e2n\u0103 \u00een prezent, deoarece sute de elevi de liceu participan\u021bi au atras aten\u021bia a sute de mii de spectatori asupra patrimoniului intelectual \u0219i material al maghiarilor din Transilvania \/ Rom\u00e2nia. \u00cempreun\u0103 am experimentat leg\u0103tura spiritual\u0103 cu puterea de sus\u021binere a tradi\u021biilor populare. Kal\u00e1ka &#8211;&nbsp; se opunea f\u0103r\u0103 cuvinte revolu\u021biei culturale rom\u00e2ne\u0219ti, care se intensifica din mijlocul anilor &#8217;70, cu scopul de a stinge con\u0219tiin\u021ba na\u021bional\u0103.<\/p><p>S-a creat un spa\u0163iu de via\u0163\u0103 \u00een timpul conversa\u0163iilor cu publicul, ceea ce a fost confirmat de fragmentele de film \u0219i \u00eenregistr\u0103rile video g\u0103site \u00een arhiva TVR. Au fost vremuri grele \u0219i atunci, dar sfin\u021benia adus\u0103 comunit\u0103\u021bii s-a n\u0103scut din devotament, loialitate, frumuse\u021be \u0219i bucurie.<\/p><p>Mul\u021bi oameni care au luat parte la aceast\u0103 mi\u0219care la acea vreme \u0219i s-au hr\u0103nit de ceea ce a fost creat acolo sunt ast\u0103zi personalit\u0103\u021bi definitorii ale culturii noastre. Constructori comunitari care \u0219tiu s\u0103 foloseasc\u0103 valorile trecutului pentru a construi viitorul.<\/p><p>Ideea public\u0103rii unei c\u0103r\u021bi a luat na\u0219tere cu ani \u00een urm\u0103, care are menirea de a dezv\u0103lui istoria mi\u0219c\u0103rii \u00eencepute de KAL\u00c1KA \u0219i \u00eent\u0103rit\u0103 de aceasta, pe baza surselor disponibile, a presei vremii, a amintirilor participan\u021bilor, a materialelor fotografice \u0219i video \u0219i a interviurilor aprofundate. Vrem s\u0103 \u015ftim \u015fi s\u0103 d\u0103m de \u015ftire cum cei care au luat parte la ea mai t\u00e2rziu, au folosit acel spirit \u00een propriile lor vie\u021bi. \u00cen afar\u0103 de recenzii TV neprocesate \u0219i referin\u021be la mi\u0219carea casei de dans popular din Transilvania, s-au scris pu\u021bine articole analitice despre acest serial TV care a creat un eveniment cultural istoric.<\/p><p>Ce urmeaz\u0103? \u00cei invit\u0103m pe to\u021bi &#8211; nu doar pe cei care au participat la conversa\u021bia de la Casa Tradi\u021biilor, ci pe oricine simte nevoia &#8211; s\u0103 ni se al\u0103ture \u00eentr-o nou\u0103 aventur\u0103, folosind valorile umane care erau atunci, dar valabile \u0219i ast\u0103zi. Numai \u00eempreun\u0103 putem face asta. \u00cent\u00e2lnirea a fost o piatr\u0103 de temelie. S\u0103 deschidem un nou capitol al Spa\u0163iului Vie\u0163ii care se hr\u0103ne\u015fte cu for\u0163a individual\u0103 \u015fi comunitar\u0103.<\/p><p>\u00cen urm\u0103toarele luni, dorim s\u0103 c\u0103ut\u0103m \u0219i s\u0103 \u00eent\u00e2lnim fo\u0219ti studen\u021bi care au participat la sesiunile de \u00eenregistrare a programelor.<\/p><p>\u00cen primul r\u00e2nd, a\u0219tept\u0103m s\u0103 ne contacteze p\u00e2n\u0103 pe 31 august participan\u021bii care au fost prezen\u021bi la Kal\u00e1ka din Miercurea Ciuc din 27 mai 1978 (studen\u021bii care au participat \u00een calitate de actori\/invita\u021bi la momentul respectiv).Pute\u021bi s\u0103 lua\u021bi leg\u0103tura cu noi prin e-mail la adresa&nbsp;<a href=\"mailto:szentgyirgyi.andre@ehh.ro\"><\/a><a href=\"mailto:szentgyorgyi.andrea@ehh.ro\">szentgyorgyi.andrea@ehh.ro<\/a>, sau telefonic la 0722-072269.<\/p>","protected":false},"excerpt":{"rendered":"<p>Ne-am adunat la o comemorare la Casa Tradi\u021biilor Ardelene\u0219ti pe 20 aprilie 2023, pentru readucerea la via\u021b\u0103 a unui program de televiziune de aproape o jum\u0103tate de secol, Kal\u00e1ka. Kal\u00e1ka, bazat pe mi\u0219carea casei de dans popular, a fost unul dintre cele mai importante programe ale emisiunii maghiare de la Televiziunea Rom\u00e2n\u0103. Cele nou\u0103 emisiuni&hellip;<\/p>\n","protected":false},"author":1,"featured_media":5893,"comment_status":"closed","ping_status":"closed","sticky":false,"template":"","format":"standard","meta":{"_acf_changed":false,"inline_featured_image":false,"footnotes":""},"categories":[180],"tags":[197,195,196],"class_list":["post-5892","post","type-post","status-publish","format-standard","has-post-thumbnail","hentry","category-stiri","tag-dans-popular","tag-muzica-populara-2","tag-traditie","category-180","description-off"],"acf":[],"yoast_head":"<!-- This site is optimized with the Yoast SEO plugin v23.6 - https:\/\/yoast.com\/wordpress\/plugins\/seo\/ -->\n<title>KAL\u00c1KA - Via\u021ba de apoi a unei emisiuni TV construit\u0103 pe mi\u0219carea casei de dans popular - Erd\u00e9lyi Hagyom\u00e1nyok H\u00e1za<\/title>\n<meta name=\"robots\" content=\"index, follow, max-snippet:-1, max-image-preview:large, max-video-preview:-1\" \/>\n<link rel=\"canonical\" href=\"https:\/\/ehh.ro\/ro\/stiri\/kalaka-viata-de-apoi-a-unei-emisiuni-tv-construita-pe-miscarea-casei-de-dans-popular\/\" \/>\n<meta property=\"og:locale\" content=\"ro_RO\" \/>\n<meta property=\"og:type\" content=\"article\" \/>\n<meta property=\"og:title\" content=\"KAL\u00c1KA - Via\u021ba de apoi a unei emisiuni TV construit\u0103 pe mi\u0219carea casei de dans popular - Erd\u00e9lyi Hagyom\u00e1nyok H\u00e1za\" \/>\n<meta property=\"og:description\" content=\"Ne-am adunat la o comemorare la Casa Tradi\u021biilor Ardelene\u0219ti pe 20 aprilie 2023, pentru readucerea la via\u021b\u0103 a unui program de televiziune de aproape o jum\u0103tate de secol, Kal\u00e1ka. Kal\u00e1ka, bazat pe mi\u0219carea casei de dans popular, a fost unul dintre cele mai importante programe ale emisiunii maghiare de la Televiziunea Rom\u00e2n\u0103. Cele nou\u0103 emisiuni&hellip;\" \/>\n<meta property=\"og:url\" content=\"https:\/\/ehh.ro\/ro\/stiri\/kalaka-viata-de-apoi-a-unei-emisiuni-tv-construita-pe-miscarea-casei-de-dans-popular\/\" \/>\n<meta property=\"og:site_name\" content=\"Erd\u00e9lyi Hagyom\u00e1nyok H\u00e1za\" \/>\n<meta property=\"article:publisher\" content=\"https:\/\/www.facebook.com\/ErdelyiHagyomanyokHaza\" \/>\n<meta property=\"article:published_time\" content=\"2023-06-30T08:04:00+00:00\" \/>\n<meta property=\"article:modified_time\" content=\"2025-02-19T09:06:15+00:00\" \/>\n<meta property=\"og:image\" content=\"https:\/\/ehh.ro\/wp-content\/uploads\/2025\/02\/facebook_fekvo_poszt-01.jpg\" \/>\n\t<meta property=\"og:image:width\" content=\"2500\" \/>\n\t<meta property=\"og:image:height\" content=\"1312\" \/>\n\t<meta property=\"og:image:type\" content=\"image\/jpeg\" \/>\n<meta name=\"author\" content=\"ehh\" \/>\n<meta name=\"twitter:card\" content=\"summary_large_image\" \/>\n<meta name=\"twitter:label1\" content=\"Scris de\" \/>\n\t<meta name=\"twitter:data1\" content=\"ehh\" \/>\n\t<meta name=\"twitter:label2\" content=\"Timp estimat pentru citire\" \/>\n\t<meta name=\"twitter:data2\" content=\"3 minute\" \/>\n<script type=\"application\/ld+json\" class=\"yoast-schema-graph\">{\"@context\":\"https:\/\/schema.org\",\"@graph\":[{\"@type\":\"Article\",\"@id\":\"https:\/\/ehh.ro\/ro\/stiri\/kalaka-viata-de-apoi-a-unei-emisiuni-tv-construita-pe-miscarea-casei-de-dans-popular\/#article\",\"isPartOf\":{\"@id\":\"https:\/\/ehh.ro\/ro\/stiri\/kalaka-viata-de-apoi-a-unei-emisiuni-tv-construita-pe-miscarea-casei-de-dans-popular\/\"},\"author\":{\"name\":\"ehh\",\"@id\":\"https:\/\/ehh.ro\/#\/schema\/person\/22c0869ca773b3ea08fd0be8b672477e\"},\"headline\":\"KAL\u00c1KA &#8211; Via\u021ba de apoi a unei emisiuni TV construit\u0103 pe mi\u0219carea casei de dans popular\",\"datePublished\":\"2023-06-30T08:04:00+00:00\",\"dateModified\":\"2025-02-19T09:06:15+00:00\",\"mainEntityOfPage\":{\"@id\":\"https:\/\/ehh.ro\/ro\/stiri\/kalaka-viata-de-apoi-a-unei-emisiuni-tv-construita-pe-miscarea-casei-de-dans-popular\/\"},\"wordCount\":563,\"publisher\":{\"@id\":\"https:\/\/ehh.ro\/#organization\"},\"image\":{\"@id\":\"https:\/\/ehh.ro\/ro\/stiri\/kalaka-viata-de-apoi-a-unei-emisiuni-tv-construita-pe-miscarea-casei-de-dans-popular\/#primaryimage\"},\"thumbnailUrl\":\"https:\/\/ehh.ro\/wp-content\/uploads\/2025\/02\/facebook_fekvo_poszt-01.jpg\",\"keywords\":[\"dans popular\",\"muzica popular\u0103\",\"tradi\u021bie\"],\"articleSection\":[\"\u015etiri\"],\"inLanguage\":\"ro-RO\"},{\"@type\":\"WebPage\",\"@id\":\"https:\/\/ehh.ro\/ro\/stiri\/kalaka-viata-de-apoi-a-unei-emisiuni-tv-construita-pe-miscarea-casei-de-dans-popular\/\",\"url\":\"https:\/\/ehh.ro\/ro\/stiri\/kalaka-viata-de-apoi-a-unei-emisiuni-tv-construita-pe-miscarea-casei-de-dans-popular\/\",\"name\":\"KAL\u00c1KA - Via\u021ba de apoi a unei emisiuni TV construit\u0103 pe mi\u0219carea casei de dans popular - Erd\u00e9lyi Hagyom\u00e1nyok H\u00e1za\",\"isPartOf\":{\"@id\":\"https:\/\/ehh.ro\/#website\"},\"primaryImageOfPage\":{\"@id\":\"https:\/\/ehh.ro\/ro\/stiri\/kalaka-viata-de-apoi-a-unei-emisiuni-tv-construita-pe-miscarea-casei-de-dans-popular\/#primaryimage\"},\"image\":{\"@id\":\"https:\/\/ehh.ro\/ro\/stiri\/kalaka-viata-de-apoi-a-unei-emisiuni-tv-construita-pe-miscarea-casei-de-dans-popular\/#primaryimage\"},\"thumbnailUrl\":\"https:\/\/ehh.ro\/wp-content\/uploads\/2025\/02\/facebook_fekvo_poszt-01.jpg\",\"datePublished\":\"2023-06-30T08:04:00+00:00\",\"dateModified\":\"2025-02-19T09:06:15+00:00\",\"breadcrumb\":{\"@id\":\"https:\/\/ehh.ro\/ro\/stiri\/kalaka-viata-de-apoi-a-unei-emisiuni-tv-construita-pe-miscarea-casei-de-dans-popular\/#breadcrumb\"},\"inLanguage\":\"ro-RO\",\"potentialAction\":[{\"@type\":\"ReadAction\",\"target\":[\"https:\/\/ehh.ro\/ro\/stiri\/kalaka-viata-de-apoi-a-unei-emisiuni-tv-construita-pe-miscarea-casei-de-dans-popular\/\"]}]},{\"@type\":\"ImageObject\",\"inLanguage\":\"ro-RO\",\"@id\":\"https:\/\/ehh.ro\/ro\/stiri\/kalaka-viata-de-apoi-a-unei-emisiuni-tv-construita-pe-miscarea-casei-de-dans-popular\/#primaryimage\",\"url\":\"https:\/\/ehh.ro\/wp-content\/uploads\/2025\/02\/facebook_fekvo_poszt-01.jpg\",\"contentUrl\":\"https:\/\/ehh.ro\/wp-content\/uploads\/2025\/02\/facebook_fekvo_poszt-01.jpg\",\"width\":2500,\"height\":1312},{\"@type\":\"BreadcrumbList\",\"@id\":\"https:\/\/ehh.ro\/ro\/stiri\/kalaka-viata-de-apoi-a-unei-emisiuni-tv-construita-pe-miscarea-casei-de-dans-popular\/#breadcrumb\",\"itemListElement\":[{\"@type\":\"ListItem\",\"position\":1,\"name\":\"Home\",\"item\":\"https:\/\/ehh.ro\/ro\/\"},{\"@type\":\"ListItem\",\"position\":2,\"name\":\"KAL\u00c1KA &#8211; Via\u021ba de apoi a unei emisiuni TV construit\u0103 pe mi\u0219carea casei de dans popular\"}]},{\"@type\":\"WebSite\",\"@id\":\"https:\/\/ehh.ro\/#website\",\"url\":\"https:\/\/ehh.ro\/\",\"name\":\"Erd\u00e9lyi Hagyom\u00e1nyok H\u00e1za\",\"description\":\"\",\"publisher\":{\"@id\":\"https:\/\/ehh.ro\/#organization\"},\"potentialAction\":[{\"@type\":\"SearchAction\",\"target\":{\"@type\":\"EntryPoint\",\"urlTemplate\":\"https:\/\/ehh.ro\/?s={search_term_string}\"},\"query-input\":{\"@type\":\"PropertyValueSpecification\",\"valueRequired\":true,\"valueName\":\"search_term_string\"}}],\"inLanguage\":\"ro-RO\"},{\"@type\":\"Organization\",\"@id\":\"https:\/\/ehh.ro\/#organization\",\"name\":\"Erd\u00e9lyi Hagyom\u00e1nyok H\u00e1za\",\"url\":\"https:\/\/ehh.ro\/\",\"logo\":{\"@type\":\"ImageObject\",\"inLanguage\":\"ro-RO\",\"@id\":\"https:\/\/ehh.ro\/#\/schema\/logo\/image\/\",\"url\":\"https:\/\/ehh.ro\/wp-content\/uploads\/2024\/10\/favicon-152.png\",\"contentUrl\":\"https:\/\/ehh.ro\/wp-content\/uploads\/2024\/10\/favicon-152.png\",\"width\":152,\"height\":152,\"caption\":\"Erd\u00e9lyi Hagyom\u00e1nyok H\u00e1za\"},\"image\":{\"@id\":\"https:\/\/ehh.ro\/#\/schema\/logo\/image\/\"},\"sameAs\":[\"https:\/\/www.facebook.com\/ErdelyiHagyomanyokHaza\"]},{\"@type\":\"Person\",\"@id\":\"https:\/\/ehh.ro\/#\/schema\/person\/22c0869ca773b3ea08fd0be8b672477e\",\"name\":\"ehh\",\"sameAs\":[\"https:\/\/ehh.ro\"],\"url\":\"https:\/\/ehh.ro\/ro\/author\/ehh\/\"}]}<\/script>\n<!-- \/ Yoast SEO plugin. -->","yoast_head_json":{"title":"KAL\u00c1KA - Via\u021ba de apoi a unei emisiuni TV construit\u0103 pe mi\u0219carea casei de dans popular - Erd\u00e9lyi Hagyom\u00e1nyok H\u00e1za","robots":{"index":"index","follow":"follow","max-snippet":"max-snippet:-1","max-image-preview":"max-image-preview:large","max-video-preview":"max-video-preview:-1"},"canonical":"https:\/\/ehh.ro\/ro\/stiri\/kalaka-viata-de-apoi-a-unei-emisiuni-tv-construita-pe-miscarea-casei-de-dans-popular\/","og_locale":"ro_RO","og_type":"article","og_title":"KAL\u00c1KA - Via\u021ba de apoi a unei emisiuni TV construit\u0103 pe mi\u0219carea casei de dans popular - Erd\u00e9lyi Hagyom\u00e1nyok H\u00e1za","og_description":"Ne-am adunat la o comemorare la Casa Tradi\u021biilor Ardelene\u0219ti pe 20 aprilie 2023, pentru readucerea la via\u021b\u0103 a unui program de televiziune de aproape o jum\u0103tate de secol, Kal\u00e1ka. Kal\u00e1ka, bazat pe mi\u0219carea casei de dans popular, a fost unul dintre cele mai importante programe ale emisiunii maghiare de la Televiziunea Rom\u00e2n\u0103. Cele nou\u0103 emisiuni&hellip;","og_url":"https:\/\/ehh.ro\/ro\/stiri\/kalaka-viata-de-apoi-a-unei-emisiuni-tv-construita-pe-miscarea-casei-de-dans-popular\/","og_site_name":"Erd\u00e9lyi Hagyom\u00e1nyok H\u00e1za","article_publisher":"https:\/\/www.facebook.com\/ErdelyiHagyomanyokHaza","article_published_time":"2023-06-30T08:04:00+00:00","article_modified_time":"2025-02-19T09:06:15+00:00","og_image":[{"width":2500,"height":1312,"url":"https:\/\/ehh.ro\/wp-content\/uploads\/2025\/02\/facebook_fekvo_poszt-01.jpg","type":"image\/jpeg"}],"author":"ehh","twitter_card":"summary_large_image","twitter_misc":{"Scris de":"ehh","Timp estimat pentru citire":"3 minute"},"schema":{"@context":"https:\/\/schema.org","@graph":[{"@type":"Article","@id":"https:\/\/ehh.ro\/ro\/stiri\/kalaka-viata-de-apoi-a-unei-emisiuni-tv-construita-pe-miscarea-casei-de-dans-popular\/#article","isPartOf":{"@id":"https:\/\/ehh.ro\/ro\/stiri\/kalaka-viata-de-apoi-a-unei-emisiuni-tv-construita-pe-miscarea-casei-de-dans-popular\/"},"author":{"name":"ehh","@id":"https:\/\/ehh.ro\/#\/schema\/person\/22c0869ca773b3ea08fd0be8b672477e"},"headline":"KAL\u00c1KA &#8211; Via\u021ba de apoi a unei emisiuni TV construit\u0103 pe mi\u0219carea casei de dans popular","datePublished":"2023-06-30T08:04:00+00:00","dateModified":"2025-02-19T09:06:15+00:00","mainEntityOfPage":{"@id":"https:\/\/ehh.ro\/ro\/stiri\/kalaka-viata-de-apoi-a-unei-emisiuni-tv-construita-pe-miscarea-casei-de-dans-popular\/"},"wordCount":563,"publisher":{"@id":"https:\/\/ehh.ro\/#organization"},"image":{"@id":"https:\/\/ehh.ro\/ro\/stiri\/kalaka-viata-de-apoi-a-unei-emisiuni-tv-construita-pe-miscarea-casei-de-dans-popular\/#primaryimage"},"thumbnailUrl":"https:\/\/ehh.ro\/wp-content\/uploads\/2025\/02\/facebook_fekvo_poszt-01.jpg","keywords":["dans popular","muzica popular\u0103","tradi\u021bie"],"articleSection":["\u015etiri"],"inLanguage":"ro-RO"},{"@type":"WebPage","@id":"https:\/\/ehh.ro\/ro\/stiri\/kalaka-viata-de-apoi-a-unei-emisiuni-tv-construita-pe-miscarea-casei-de-dans-popular\/","url":"https:\/\/ehh.ro\/ro\/stiri\/kalaka-viata-de-apoi-a-unei-emisiuni-tv-construita-pe-miscarea-casei-de-dans-popular\/","name":"KAL\u00c1KA - Via\u021ba de apoi a unei emisiuni TV construit\u0103 pe mi\u0219carea casei de dans popular - Erd\u00e9lyi Hagyom\u00e1nyok H\u00e1za","isPartOf":{"@id":"https:\/\/ehh.ro\/#website"},"primaryImageOfPage":{"@id":"https:\/\/ehh.ro\/ro\/stiri\/kalaka-viata-de-apoi-a-unei-emisiuni-tv-construita-pe-miscarea-casei-de-dans-popular\/#primaryimage"},"image":{"@id":"https:\/\/ehh.ro\/ro\/stiri\/kalaka-viata-de-apoi-a-unei-emisiuni-tv-construita-pe-miscarea-casei-de-dans-popular\/#primaryimage"},"thumbnailUrl":"https:\/\/ehh.ro\/wp-content\/uploads\/2025\/02\/facebook_fekvo_poszt-01.jpg","datePublished":"2023-06-30T08:04:00+00:00","dateModified":"2025-02-19T09:06:15+00:00","breadcrumb":{"@id":"https:\/\/ehh.ro\/ro\/stiri\/kalaka-viata-de-apoi-a-unei-emisiuni-tv-construita-pe-miscarea-casei-de-dans-popular\/#breadcrumb"},"inLanguage":"ro-RO","potentialAction":[{"@type":"ReadAction","target":["https:\/\/ehh.ro\/ro\/stiri\/kalaka-viata-de-apoi-a-unei-emisiuni-tv-construita-pe-miscarea-casei-de-dans-popular\/"]}]},{"@type":"ImageObject","inLanguage":"ro-RO","@id":"https:\/\/ehh.ro\/ro\/stiri\/kalaka-viata-de-apoi-a-unei-emisiuni-tv-construita-pe-miscarea-casei-de-dans-popular\/#primaryimage","url":"https:\/\/ehh.ro\/wp-content\/uploads\/2025\/02\/facebook_fekvo_poszt-01.jpg","contentUrl":"https:\/\/ehh.ro\/wp-content\/uploads\/2025\/02\/facebook_fekvo_poszt-01.jpg","width":2500,"height":1312},{"@type":"BreadcrumbList","@id":"https:\/\/ehh.ro\/ro\/stiri\/kalaka-viata-de-apoi-a-unei-emisiuni-tv-construita-pe-miscarea-casei-de-dans-popular\/#breadcrumb","itemListElement":[{"@type":"ListItem","position":1,"name":"Home","item":"https:\/\/ehh.ro\/ro\/"},{"@type":"ListItem","position":2,"name":"KAL\u00c1KA &#8211; Via\u021ba de apoi a unei emisiuni TV construit\u0103 pe mi\u0219carea casei de dans popular"}]},{"@type":"WebSite","@id":"https:\/\/ehh.ro\/#website","url":"https:\/\/ehh.ro\/","name":"Erd\u00e9lyi Hagyom\u00e1nyok H\u00e1za","description":"","publisher":{"@id":"https:\/\/ehh.ro\/#organization"},"potentialAction":[{"@type":"SearchAction","target":{"@type":"EntryPoint","urlTemplate":"https:\/\/ehh.ro\/?s={search_term_string}"},"query-input":{"@type":"PropertyValueSpecification","valueRequired":true,"valueName":"search_term_string"}}],"inLanguage":"ro-RO"},{"@type":"Organization","@id":"https:\/\/ehh.ro\/#organization","name":"Erd\u00e9lyi Hagyom\u00e1nyok H\u00e1za","url":"https:\/\/ehh.ro\/","logo":{"@type":"ImageObject","inLanguage":"ro-RO","@id":"https:\/\/ehh.ro\/#\/schema\/logo\/image\/","url":"https:\/\/ehh.ro\/wp-content\/uploads\/2024\/10\/favicon-152.png","contentUrl":"https:\/\/ehh.ro\/wp-content\/uploads\/2024\/10\/favicon-152.png","width":152,"height":152,"caption":"Erd\u00e9lyi Hagyom\u00e1nyok H\u00e1za"},"image":{"@id":"https:\/\/ehh.ro\/#\/schema\/logo\/image\/"},"sameAs":["https:\/\/www.facebook.com\/ErdelyiHagyomanyokHaza"]},{"@type":"Person","@id":"https:\/\/ehh.ro\/#\/schema\/person\/22c0869ca773b3ea08fd0be8b672477e","name":"ehh","sameAs":["https:\/\/ehh.ro"],"url":"https:\/\/ehh.ro\/ro\/author\/ehh\/"}]}},"_links":{"self":[{"href":"https:\/\/ehh.ro\/ro\/wp-json\/wp\/v2\/posts\/5892","targetHints":{"allow":["GET"]}}],"collection":[{"href":"https:\/\/ehh.ro\/ro\/wp-json\/wp\/v2\/posts"}],"about":[{"href":"https:\/\/ehh.ro\/ro\/wp-json\/wp\/v2\/types\/post"}],"author":[{"embeddable":true,"href":"https:\/\/ehh.ro\/ro\/wp-json\/wp\/v2\/users\/1"}],"replies":[{"embeddable":true,"href":"https:\/\/ehh.ro\/ro\/wp-json\/wp\/v2\/comments?post=5892"}],"version-history":[{"count":1,"href":"https:\/\/ehh.ro\/ro\/wp-json\/wp\/v2\/posts\/5892\/revisions"}],"predecessor-version":[{"id":5896,"href":"https:\/\/ehh.ro\/ro\/wp-json\/wp\/v2\/posts\/5892\/revisions\/5896"}],"wp:featuredmedia":[{"embeddable":true,"href":"https:\/\/ehh.ro\/ro\/wp-json\/wp\/v2\/media\/5893"}],"wp:attachment":[{"href":"https:\/\/ehh.ro\/ro\/wp-json\/wp\/v2\/media?parent=5892"}],"wp:term":[{"taxonomy":"category","embeddable":true,"href":"https:\/\/ehh.ro\/ro\/wp-json\/wp\/v2\/categories?post=5892"},{"taxonomy":"post_tag","embeddable":true,"href":"https:\/\/ehh.ro\/ro\/wp-json\/wp\/v2\/tags?post=5892"}],"curies":[{"name":"wp","href":"https:\/\/api.w.org\/{rel}","templated":true}]}}