{"id":5878,"date":"2023-07-25T09:52:00","date_gmt":"2023-07-25T07:52:00","guid":{"rendered":"https:\/\/ehh.ro\/?p=5878"},"modified":"2025-02-24T12:17:41","modified_gmt":"2025-02-24T11:17:41","slug":"dans-popular-in-ritm-rapid-la-tusvanyos-baile-tusnad-casa-traditiilor-la-universitatea-de-vara-si-tabara-studenteasca-balvanyos","status":"publish","type":"post","link":"https:\/\/ehh.ro\/ro\/stiri\/dans-popular-in-ritm-rapid-la-tusvanyos-baile-tusnad-casa-traditiilor-la-universitatea-de-vara-si-tabara-studenteasca-balvanyos\/","title":{"rendered":"Dans popular \u00een ritm rapid la Tusv\u00e1nyos\/B\u0103ile Tu\u0219nad &#8211; Casa Tradi\u021biilor la Universitatea de Var\u0103 \u0219i Tab\u0103ra Studen\u021beasc\u0103 \u201eB\u00e1lv\u00e1nyos\u201d"},"content":{"rendered":"<p>Cea de-a 32-a Universitate de Var\u0103 \u0219i Tab\u0103ra Studen\u021beasc\u0103 \u201eB\u00e1lv\u00e1nyos\u201d s-a \u00eencheiat cu mare succes. Casa Tradi\u0163iilor, cu hambarul lui Kriza J\u00e1nos, a fost prezent\u0103 \u015fi anul acesta ca fiind unul dintre cele mai importante locuri ale evenimentului. Hambarul Kriza J\u00e1nos, al c\u0103rui program a fost realizat cu sprijinul \u0219i cooperarea Casei Tradi\u021biilor \u0219i a Funda\u021biei Casei Tradi\u021biilor Ardelene\u0219ti, a \u00eent\u00e2mpinat vizitatorii cu concerte de muzic\u0103 popular\u0103 sus\u021binute de tineri muzicieni, lec\u021bii de dans \u0219i canto, povestiri live, activit\u0103\u021bi artizanale \u0219i cas\u0103 de dans popular care a durat p\u00e2n\u0103 \u00een zori. Recep\u021bia a fost rezumat\u0103 de managerul profesionist al programului, P\u00e1l Istv\u00e1n Szalonna.<\/p><p>\u201e Programele noastre au durat de mar\u021bi p\u00e2n\u0103 s\u00e2mb\u0103t\u0103 \u0219i am reu\u0219it s\u0103 prezent\u0103m publicului o palet\u0103 foarte colorat\u0103: ne-am concentrat pe muzica popular\u0103 autentic\u0103 \u0219i pe propria noastr\u0103 cultur\u0103. Merg\u00e2nd \u00eenapoi \u00een timp, s\u00e2mb\u0103ta a fost Ziua Ceang\u0103ilor, al c\u0103rui program a fost realizat de prietenul meu Nagy Bercel cu contribu\u021bia ceang\u0103ilor din Ghime\u0219 \u0219i Moldova. P\u0103str\u0103torii de tradi\u021bie au c\u00e2ntat \u0219i au dansat \u00eempreun\u0103 cu tinerii din Bazinul Carpatic \u0219i din diaspora. \u00cen zilele precedente &#8211; cu spectacolul Ansamblului Magos &#8211; am vizitat \u021ainutul Secuiesc. Pentru dansurile din Valea \u015fi Dealurile Nirajului \u0219i \u021aara C\u0103latei muzica a fost asigurat\u0103 de Ansamblul Bekecs \u0219i Ansamblul Tokos. Ansamblul Heveder a concertat \u00eempreun\u0103 cu Ansamblul din Ceua\u0219 \u0219i au fost \u00eenso\u021bi\u021bi de dansatorii romi din \u0150rk\u0151. Am urcat pe scen\u0103 \u0219i noi cu Szalonna \u0219i trupa lui, \u0219i am f\u0103cut muzic\u0103 \u00eempreun\u0103 cu dansatorii din Transcarpatia. Nu \u00eent\u00e2mpl\u0103tor, deoarece motto-ul taberei era \u201eTimpul p\u0103cii\u201d.<\/p><p>Privind \u00eenapoi la acele zile, lucrul fantastic a fost c\u0103, \u00een timp ce programele noastre din noul Hambar &#8211; de la casa de dans popular, p\u00e2n\u0103 la concerte \u0219i spectacole &#8211; au bubuit p\u00e2n\u0103 la dou\u0103 diminea\u021ba, dup\u0103 aceea trupa a ie\u0219it \u0219i a c\u00e2ntat p\u00e2n\u0103 la patru sau \u0219ase \u00een fiecare diminea\u021b\u0103, iar oamenii au c\u00e2ntat \u00eempreun\u0103 cu ei. Au f\u0103cut toate acestea f\u0103r\u0103 cuvinte inutile, \u0163in\u00e2ndu-se una de alta: s-a c\u00e2ntat c\u00e2ntecul popular kalotaszegi hajnali\/zorii din \u021aara C\u0103latei, c\u00e2ntecul popular A csit\u00e1ri hegyek alatt \u0219i se c\u00e2ntau \u0219i piese Kossuth. Magia de a fi \u00eempreun\u0103 \u0219i dragostea atotp\u0103trunz\u0103toare au \u00eent\u00e2mpinat programele noastre.<\/p><p>Interpre\u021bii au venit din Transilvania, Voivodina, Slovacia \u0219i Ungaria, iar turi\u0219tii au sosit aici din \u00eentreg Bazinul Carpatic \u0219i din diaspora. Da, mi-am \u00eent\u00e2lnit \u0219i compatrio\u021bii care locuiesc \u00een Statele Unite, Australia, Japonia, America de Sud \u0219i Anglia, ei au fost atra\u0219i aici de patriotism. Au ap\u0103rut \u0219i str\u0103ini, pentru mul\u021bi dintre ei tab\u0103ra a fost o noutate: \u00een hambar, t\u00e2n\u0103rul adolescent a dansat \u00eempreun\u0103 cu unchiul octogenar iubitor de tradi\u021bii.<\/p><p>Am avut \u015fi oaspe\u0163i rom\u00e2ni la casele de dansuri populare, care s-au sim\u0163it foarte bine. \u00centr-adev\u0103r, credem c\u0103 arta popular\u0103 este un proces omogen: dac\u0103 rom\u00e2nii \u0219i maghiarii tr\u0103iau, dansau \u0219i se distrau \u00eempreun\u0103 \u00eentr-un sat din \u021aara C\u0103latei, sau C\u00e2mpia Transilvaniei, atunci aceast\u0103 diversitate poate s\u0103 apar\u0103 \u0219i \u00een dansul popular. Respect\u0103m cultura na\u021biunilor care tr\u0103iesc cu noi, pe care o consider\u0103m parte a tradi\u021biei. Aceasta este treaba noastr\u0103, s\u0103 ar\u0103t\u0103m: este posibil s\u0103 tr\u0103im \u00een pace, f\u0103r\u0103 dezbinare, accept\u00e2nd cultura celuilalt, dar \u00een acela\u0219i timp s\u0103 fim m\u00e2ndri de propriile tradi\u021bii.\u201d<\/p><p>Programele Hambarului Kriza J\u00e1nos nu ar fi fost posibile f\u0103r\u0103 sprijinul Ministerului Resurselor Umane. Mul\u021bumim!<\/p><figure class=\"wp-block-image\"><img decoding=\"async\" src=\"https:\/\/dev.ehh.ro\/files\/Halozat_anyagok\/Tusv%C3%A1nyos2023_illusztr%C3%A1ci%C3%B3_FarkasJ%C3%B3zsef3.JPG\" alt=\"Tusv\u00e1nyos2023 illusztr\u00e1ci\u00f3 FarkasJ\u00f3zsef3\"\/><\/figure><figure class=\"wp-block-image\"><img decoding=\"async\" src=\"https:\/\/dev.ehh.ro\/files\/Halozat_anyagok\/Tusv%C3%A1nyos2023_illusztr%C3%A1ci%C3%B3_FarkasJ%C3%B3zsef2.JPG\" alt=\"Tusv\u00e1nyos2023 illusztr\u00e1ci\u00f3 FarkasJ\u00f3zsef2\"\/><\/figure><figure class=\"wp-block-image\"><img decoding=\"async\" src=\"https:\/\/dev.ehh.ro\/files\/Halozat_anyagok\/Tusv%C3%A1nyos2023_illusztr%C3%A1ci%C3%B3_FarkasJ%C3%B3zsef4.JPG\" alt=\"Tusv\u00e1nyos2023 illusztr\u00e1ci\u00f3 FarkasJ\u00f3zsef4\"\/><\/figure>","protected":false},"excerpt":{"rendered":"<p>Cea de-a 32-a Universitate de Var\u0103 \u0219i Tab\u0103ra Studen\u021beasc\u0103 \u201eB\u00e1lv\u00e1nyos\u201d s-a \u00eencheiat cu mare succes. Casa Tradi\u0163iilor, cu hambarul lui Kriza J\u00e1nos, a fost prezent\u0103 \u015fi anul acesta ca fiind unul dintre cele mai importante locuri ale evenimentului. Hambarul Kriza J\u00e1nos, al c\u0103rui program a fost realizat cu sprijinul \u0219i cooperarea Casei Tradi\u021biilor \u0219i a&hellip;<\/p>\n","protected":false},"author":1,"featured_media":5879,"comment_status":"closed","ping_status":"closed","sticky":false,"template":"","format":"standard","meta":{"_acf_changed":false,"inline_featured_image":false,"footnotes":""},"categories":[180],"tags":[222,192,197,220,195,225,196],"class_list":["post-5878","post","type-post","status-publish","format-standard","has-post-thumbnail","hentry","category-stiri","tag-basme-in-viu-grai","tag-cultura","tag-dans-popular","tag-festival","tag-muzica-populara-2","tag-tabara","tag-traditie","category-180","description-off"],"acf":[],"yoast_head":"<!-- This site is optimized with the Yoast SEO plugin v23.6 - https:\/\/yoast.com\/wordpress\/plugins\/seo\/ -->\n<title>Dans popular \u00een ritm rapid la Tusv\u00e1nyos\/B\u0103ile Tu\u0219nad - Casa Tradi\u021biilor la Universitatea de Var\u0103 \u0219i Tab\u0103ra Studen\u021beasc\u0103 \u201eB\u00e1lv\u00e1nyos\u201d - Erd\u00e9lyi Hagyom\u00e1nyok H\u00e1za<\/title>\n<meta name=\"robots\" content=\"index, follow, max-snippet:-1, max-image-preview:large, max-video-preview:-1\" \/>\n<link rel=\"canonical\" href=\"https:\/\/ehh.ro\/ro\/stiri\/dans-popular-in-ritm-rapid-la-tusvanyos-baile-tusnad-casa-traditiilor-la-universitatea-de-vara-si-tabara-studenteasca-balvanyos\/\" \/>\n<meta property=\"og:locale\" content=\"ro_RO\" \/>\n<meta property=\"og:type\" content=\"article\" \/>\n<meta property=\"og:title\" content=\"Dans popular \u00een ritm rapid la Tusv\u00e1nyos\/B\u0103ile Tu\u0219nad - Casa Tradi\u021biilor la Universitatea de Var\u0103 \u0219i Tab\u0103ra Studen\u021beasc\u0103 \u201eB\u00e1lv\u00e1nyos\u201d - Erd\u00e9lyi Hagyom\u00e1nyok H\u00e1za\" \/>\n<meta property=\"og:description\" content=\"Cea de-a 32-a Universitate de Var\u0103 \u0219i Tab\u0103ra Studen\u021beasc\u0103 \u201eB\u00e1lv\u00e1nyos\u201d s-a \u00eencheiat cu mare succes. Casa Tradi\u0163iilor, cu hambarul lui Kriza J\u00e1nos, a fost prezent\u0103 \u015fi anul acesta ca fiind unul dintre cele mai importante locuri ale evenimentului. Hambarul Kriza J\u00e1nos, al c\u0103rui program a fost realizat cu sprijinul \u0219i cooperarea Casei Tradi\u021biilor \u0219i a&hellip;\" \/>\n<meta property=\"og:url\" content=\"https:\/\/ehh.ro\/ro\/stiri\/dans-popular-in-ritm-rapid-la-tusvanyos-baile-tusnad-casa-traditiilor-la-universitatea-de-vara-si-tabara-studenteasca-balvanyos\/\" \/>\n<meta property=\"og:site_name\" content=\"Erd\u00e9lyi Hagyom\u00e1nyok H\u00e1za\" \/>\n<meta property=\"article:publisher\" content=\"https:\/\/www.facebook.com\/ErdelyiHagyomanyokHaza\" \/>\n<meta property=\"article:published_time\" content=\"2023-07-25T07:52:00+00:00\" \/>\n<meta property=\"article:modified_time\" content=\"2025-02-24T11:17:41+00:00\" \/>\n<meta property=\"og:image\" content=\"https:\/\/ehh.ro\/wp-content\/uploads\/2025\/02\/csur_2023_webcikkhez.jpg\" \/>\n\t<meta property=\"og:image:width\" content=\"2048\" \/>\n\t<meta property=\"og:image:height\" content=\"1367\" \/>\n\t<meta property=\"og:image:type\" content=\"image\/jpeg\" \/>\n<meta name=\"author\" content=\"ehh\" \/>\n<meta name=\"twitter:card\" content=\"summary_large_image\" \/>\n<meta name=\"twitter:label1\" content=\"Scris de\" \/>\n\t<meta name=\"twitter:data1\" content=\"ehh\" \/>\n\t<meta name=\"twitter:label2\" content=\"Timp estimat pentru citire\" \/>\n\t<meta name=\"twitter:data2\" content=\"4 minute\" \/>\n<script type=\"application\/ld+json\" class=\"yoast-schema-graph\">{\"@context\":\"https:\/\/schema.org\",\"@graph\":[{\"@type\":\"Article\",\"@id\":\"https:\/\/ehh.ro\/ro\/stiri\/dans-popular-in-ritm-rapid-la-tusvanyos-baile-tusnad-casa-traditiilor-la-universitatea-de-vara-si-tabara-studenteasca-balvanyos\/#article\",\"isPartOf\":{\"@id\":\"https:\/\/ehh.ro\/ro\/stiri\/dans-popular-in-ritm-rapid-la-tusvanyos-baile-tusnad-casa-traditiilor-la-universitatea-de-vara-si-tabara-studenteasca-balvanyos\/\"},\"author\":{\"name\":\"ehh\",\"@id\":\"https:\/\/ehh.ro\/#\/schema\/person\/22c0869ca773b3ea08fd0be8b672477e\"},\"headline\":\"Dans popular \u00een ritm rapid la Tusv\u00e1nyos\/B\u0103ile Tu\u0219nad &#8211; Casa Tradi\u021biilor la Universitatea de Var\u0103 \u0219i Tab\u0103ra Studen\u021beasc\u0103 \u201eB\u00e1lv\u00e1nyos\u201d\",\"datePublished\":\"2023-07-25T07:52:00+00:00\",\"dateModified\":\"2025-02-24T11:17:41+00:00\",\"mainEntityOfPage\":{\"@id\":\"https:\/\/ehh.ro\/ro\/stiri\/dans-popular-in-ritm-rapid-la-tusvanyos-baile-tusnad-casa-traditiilor-la-universitatea-de-vara-si-tabara-studenteasca-balvanyos\/\"},\"wordCount\":666,\"publisher\":{\"@id\":\"https:\/\/ehh.ro\/#organization\"},\"image\":{\"@id\":\"https:\/\/ehh.ro\/ro\/stiri\/dans-popular-in-ritm-rapid-la-tusvanyos-baile-tusnad-casa-traditiilor-la-universitatea-de-vara-si-tabara-studenteasca-balvanyos\/#primaryimage\"},\"thumbnailUrl\":\"https:\/\/ehh.ro\/wp-content\/uploads\/2025\/02\/csur_2023_webcikkhez.jpg\",\"keywords\":[\"basme \u00een viu grai\",\"cultura\",\"dans popular\",\"festival\",\"muzica popular\u0103\",\"tab\u0103r\u0103\",\"tradi\u021bie\"],\"articleSection\":[\"\u015etiri\"],\"inLanguage\":\"ro-RO\"},{\"@type\":\"WebPage\",\"@id\":\"https:\/\/ehh.ro\/ro\/stiri\/dans-popular-in-ritm-rapid-la-tusvanyos-baile-tusnad-casa-traditiilor-la-universitatea-de-vara-si-tabara-studenteasca-balvanyos\/\",\"url\":\"https:\/\/ehh.ro\/ro\/stiri\/dans-popular-in-ritm-rapid-la-tusvanyos-baile-tusnad-casa-traditiilor-la-universitatea-de-vara-si-tabara-studenteasca-balvanyos\/\",\"name\":\"Dans popular \u00een ritm rapid la Tusv\u00e1nyos\/B\u0103ile Tu\u0219nad - Casa Tradi\u021biilor la Universitatea de Var\u0103 \u0219i Tab\u0103ra Studen\u021beasc\u0103 \u201eB\u00e1lv\u00e1nyos\u201d - Erd\u00e9lyi Hagyom\u00e1nyok H\u00e1za\",\"isPartOf\":{\"@id\":\"https:\/\/ehh.ro\/#website\"},\"primaryImageOfPage\":{\"@id\":\"https:\/\/ehh.ro\/ro\/stiri\/dans-popular-in-ritm-rapid-la-tusvanyos-baile-tusnad-casa-traditiilor-la-universitatea-de-vara-si-tabara-studenteasca-balvanyos\/#primaryimage\"},\"image\":{\"@id\":\"https:\/\/ehh.ro\/ro\/stiri\/dans-popular-in-ritm-rapid-la-tusvanyos-baile-tusnad-casa-traditiilor-la-universitatea-de-vara-si-tabara-studenteasca-balvanyos\/#primaryimage\"},\"thumbnailUrl\":\"https:\/\/ehh.ro\/wp-content\/uploads\/2025\/02\/csur_2023_webcikkhez.jpg\",\"datePublished\":\"2023-07-25T07:52:00+00:00\",\"dateModified\":\"2025-02-24T11:17:41+00:00\",\"breadcrumb\":{\"@id\":\"https:\/\/ehh.ro\/ro\/stiri\/dans-popular-in-ritm-rapid-la-tusvanyos-baile-tusnad-casa-traditiilor-la-universitatea-de-vara-si-tabara-studenteasca-balvanyos\/#breadcrumb\"},\"inLanguage\":\"ro-RO\",\"potentialAction\":[{\"@type\":\"ReadAction\",\"target\":[\"https:\/\/ehh.ro\/ro\/stiri\/dans-popular-in-ritm-rapid-la-tusvanyos-baile-tusnad-casa-traditiilor-la-universitatea-de-vara-si-tabara-studenteasca-balvanyos\/\"]}]},{\"@type\":\"ImageObject\",\"inLanguage\":\"ro-RO\",\"@id\":\"https:\/\/ehh.ro\/ro\/stiri\/dans-popular-in-ritm-rapid-la-tusvanyos-baile-tusnad-casa-traditiilor-la-universitatea-de-vara-si-tabara-studenteasca-balvanyos\/#primaryimage\",\"url\":\"https:\/\/ehh.ro\/wp-content\/uploads\/2025\/02\/csur_2023_webcikkhez.jpg\",\"contentUrl\":\"https:\/\/ehh.ro\/wp-content\/uploads\/2025\/02\/csur_2023_webcikkhez.jpg\",\"width\":2048,\"height\":1367},{\"@type\":\"BreadcrumbList\",\"@id\":\"https:\/\/ehh.ro\/ro\/stiri\/dans-popular-in-ritm-rapid-la-tusvanyos-baile-tusnad-casa-traditiilor-la-universitatea-de-vara-si-tabara-studenteasca-balvanyos\/#breadcrumb\",\"itemListElement\":[{\"@type\":\"ListItem\",\"position\":1,\"name\":\"Home\",\"item\":\"https:\/\/ehh.ro\/ro\/\"},{\"@type\":\"ListItem\",\"position\":2,\"name\":\"Dans popular \u00een ritm rapid la Tusv\u00e1nyos\/B\u0103ile Tu\u0219nad &#8211; Casa Tradi\u021biilor la Universitatea de Var\u0103 \u0219i Tab\u0103ra Studen\u021beasc\u0103 \u201eB\u00e1lv\u00e1nyos\u201d\"}]},{\"@type\":\"WebSite\",\"@id\":\"https:\/\/ehh.ro\/#website\",\"url\":\"https:\/\/ehh.ro\/\",\"name\":\"Erd\u00e9lyi Hagyom\u00e1nyok H\u00e1za\",\"description\":\"\",\"publisher\":{\"@id\":\"https:\/\/ehh.ro\/#organization\"},\"potentialAction\":[{\"@type\":\"SearchAction\",\"target\":{\"@type\":\"EntryPoint\",\"urlTemplate\":\"https:\/\/ehh.ro\/?s={search_term_string}\"},\"query-input\":{\"@type\":\"PropertyValueSpecification\",\"valueRequired\":true,\"valueName\":\"search_term_string\"}}],\"inLanguage\":\"ro-RO\"},{\"@type\":\"Organization\",\"@id\":\"https:\/\/ehh.ro\/#organization\",\"name\":\"Erd\u00e9lyi Hagyom\u00e1nyok H\u00e1za\",\"url\":\"https:\/\/ehh.ro\/\",\"logo\":{\"@type\":\"ImageObject\",\"inLanguage\":\"ro-RO\",\"@id\":\"https:\/\/ehh.ro\/#\/schema\/logo\/image\/\",\"url\":\"https:\/\/ehh.ro\/wp-content\/uploads\/2024\/10\/favicon-152.png\",\"contentUrl\":\"https:\/\/ehh.ro\/wp-content\/uploads\/2024\/10\/favicon-152.png\",\"width\":152,\"height\":152,\"caption\":\"Erd\u00e9lyi Hagyom\u00e1nyok H\u00e1za\"},\"image\":{\"@id\":\"https:\/\/ehh.ro\/#\/schema\/logo\/image\/\"},\"sameAs\":[\"https:\/\/www.facebook.com\/ErdelyiHagyomanyokHaza\"]},{\"@type\":\"Person\",\"@id\":\"https:\/\/ehh.ro\/#\/schema\/person\/22c0869ca773b3ea08fd0be8b672477e\",\"name\":\"ehh\",\"sameAs\":[\"https:\/\/ehh.ro\"],\"url\":\"https:\/\/ehh.ro\/ro\/author\/ehh\/\"}]}<\/script>\n<!-- \/ Yoast SEO plugin. -->","yoast_head_json":{"title":"Dans popular \u00een ritm rapid la Tusv\u00e1nyos\/B\u0103ile Tu\u0219nad - Casa Tradi\u021biilor la Universitatea de Var\u0103 \u0219i Tab\u0103ra Studen\u021beasc\u0103 \u201eB\u00e1lv\u00e1nyos\u201d - Erd\u00e9lyi Hagyom\u00e1nyok H\u00e1za","robots":{"index":"index","follow":"follow","max-snippet":"max-snippet:-1","max-image-preview":"max-image-preview:large","max-video-preview":"max-video-preview:-1"},"canonical":"https:\/\/ehh.ro\/ro\/stiri\/dans-popular-in-ritm-rapid-la-tusvanyos-baile-tusnad-casa-traditiilor-la-universitatea-de-vara-si-tabara-studenteasca-balvanyos\/","og_locale":"ro_RO","og_type":"article","og_title":"Dans popular \u00een ritm rapid la Tusv\u00e1nyos\/B\u0103ile Tu\u0219nad - Casa Tradi\u021biilor la Universitatea de Var\u0103 \u0219i Tab\u0103ra Studen\u021beasc\u0103 \u201eB\u00e1lv\u00e1nyos\u201d - Erd\u00e9lyi Hagyom\u00e1nyok H\u00e1za","og_description":"Cea de-a 32-a Universitate de Var\u0103 \u0219i Tab\u0103ra Studen\u021beasc\u0103 \u201eB\u00e1lv\u00e1nyos\u201d s-a \u00eencheiat cu mare succes. Casa Tradi\u0163iilor, cu hambarul lui Kriza J\u00e1nos, a fost prezent\u0103 \u015fi anul acesta ca fiind unul dintre cele mai importante locuri ale evenimentului. Hambarul Kriza J\u00e1nos, al c\u0103rui program a fost realizat cu sprijinul \u0219i cooperarea Casei Tradi\u021biilor \u0219i a&hellip;","og_url":"https:\/\/ehh.ro\/ro\/stiri\/dans-popular-in-ritm-rapid-la-tusvanyos-baile-tusnad-casa-traditiilor-la-universitatea-de-vara-si-tabara-studenteasca-balvanyos\/","og_site_name":"Erd\u00e9lyi Hagyom\u00e1nyok H\u00e1za","article_publisher":"https:\/\/www.facebook.com\/ErdelyiHagyomanyokHaza","article_published_time":"2023-07-25T07:52:00+00:00","article_modified_time":"2025-02-24T11:17:41+00:00","og_image":[{"width":2048,"height":1367,"url":"https:\/\/ehh.ro\/wp-content\/uploads\/2025\/02\/csur_2023_webcikkhez.jpg","type":"image\/jpeg"}],"author":"ehh","twitter_card":"summary_large_image","twitter_misc":{"Scris de":"ehh","Timp estimat pentru citire":"4 minute"},"schema":{"@context":"https:\/\/schema.org","@graph":[{"@type":"Article","@id":"https:\/\/ehh.ro\/ro\/stiri\/dans-popular-in-ritm-rapid-la-tusvanyos-baile-tusnad-casa-traditiilor-la-universitatea-de-vara-si-tabara-studenteasca-balvanyos\/#article","isPartOf":{"@id":"https:\/\/ehh.ro\/ro\/stiri\/dans-popular-in-ritm-rapid-la-tusvanyos-baile-tusnad-casa-traditiilor-la-universitatea-de-vara-si-tabara-studenteasca-balvanyos\/"},"author":{"name":"ehh","@id":"https:\/\/ehh.ro\/#\/schema\/person\/22c0869ca773b3ea08fd0be8b672477e"},"headline":"Dans popular \u00een ritm rapid la Tusv\u00e1nyos\/B\u0103ile Tu\u0219nad &#8211; Casa Tradi\u021biilor la Universitatea de Var\u0103 \u0219i Tab\u0103ra Studen\u021beasc\u0103 \u201eB\u00e1lv\u00e1nyos\u201d","datePublished":"2023-07-25T07:52:00+00:00","dateModified":"2025-02-24T11:17:41+00:00","mainEntityOfPage":{"@id":"https:\/\/ehh.ro\/ro\/stiri\/dans-popular-in-ritm-rapid-la-tusvanyos-baile-tusnad-casa-traditiilor-la-universitatea-de-vara-si-tabara-studenteasca-balvanyos\/"},"wordCount":666,"publisher":{"@id":"https:\/\/ehh.ro\/#organization"},"image":{"@id":"https:\/\/ehh.ro\/ro\/stiri\/dans-popular-in-ritm-rapid-la-tusvanyos-baile-tusnad-casa-traditiilor-la-universitatea-de-vara-si-tabara-studenteasca-balvanyos\/#primaryimage"},"thumbnailUrl":"https:\/\/ehh.ro\/wp-content\/uploads\/2025\/02\/csur_2023_webcikkhez.jpg","keywords":["basme \u00een viu grai","cultura","dans popular","festival","muzica popular\u0103","tab\u0103r\u0103","tradi\u021bie"],"articleSection":["\u015etiri"],"inLanguage":"ro-RO"},{"@type":"WebPage","@id":"https:\/\/ehh.ro\/ro\/stiri\/dans-popular-in-ritm-rapid-la-tusvanyos-baile-tusnad-casa-traditiilor-la-universitatea-de-vara-si-tabara-studenteasca-balvanyos\/","url":"https:\/\/ehh.ro\/ro\/stiri\/dans-popular-in-ritm-rapid-la-tusvanyos-baile-tusnad-casa-traditiilor-la-universitatea-de-vara-si-tabara-studenteasca-balvanyos\/","name":"Dans popular \u00een ritm rapid la Tusv\u00e1nyos\/B\u0103ile Tu\u0219nad - Casa Tradi\u021biilor la Universitatea de Var\u0103 \u0219i Tab\u0103ra Studen\u021beasc\u0103 \u201eB\u00e1lv\u00e1nyos\u201d - Erd\u00e9lyi Hagyom\u00e1nyok H\u00e1za","isPartOf":{"@id":"https:\/\/ehh.ro\/#website"},"primaryImageOfPage":{"@id":"https:\/\/ehh.ro\/ro\/stiri\/dans-popular-in-ritm-rapid-la-tusvanyos-baile-tusnad-casa-traditiilor-la-universitatea-de-vara-si-tabara-studenteasca-balvanyos\/#primaryimage"},"image":{"@id":"https:\/\/ehh.ro\/ro\/stiri\/dans-popular-in-ritm-rapid-la-tusvanyos-baile-tusnad-casa-traditiilor-la-universitatea-de-vara-si-tabara-studenteasca-balvanyos\/#primaryimage"},"thumbnailUrl":"https:\/\/ehh.ro\/wp-content\/uploads\/2025\/02\/csur_2023_webcikkhez.jpg","datePublished":"2023-07-25T07:52:00+00:00","dateModified":"2025-02-24T11:17:41+00:00","breadcrumb":{"@id":"https:\/\/ehh.ro\/ro\/stiri\/dans-popular-in-ritm-rapid-la-tusvanyos-baile-tusnad-casa-traditiilor-la-universitatea-de-vara-si-tabara-studenteasca-balvanyos\/#breadcrumb"},"inLanguage":"ro-RO","potentialAction":[{"@type":"ReadAction","target":["https:\/\/ehh.ro\/ro\/stiri\/dans-popular-in-ritm-rapid-la-tusvanyos-baile-tusnad-casa-traditiilor-la-universitatea-de-vara-si-tabara-studenteasca-balvanyos\/"]}]},{"@type":"ImageObject","inLanguage":"ro-RO","@id":"https:\/\/ehh.ro\/ro\/stiri\/dans-popular-in-ritm-rapid-la-tusvanyos-baile-tusnad-casa-traditiilor-la-universitatea-de-vara-si-tabara-studenteasca-balvanyos\/#primaryimage","url":"https:\/\/ehh.ro\/wp-content\/uploads\/2025\/02\/csur_2023_webcikkhez.jpg","contentUrl":"https:\/\/ehh.ro\/wp-content\/uploads\/2025\/02\/csur_2023_webcikkhez.jpg","width":2048,"height":1367},{"@type":"BreadcrumbList","@id":"https:\/\/ehh.ro\/ro\/stiri\/dans-popular-in-ritm-rapid-la-tusvanyos-baile-tusnad-casa-traditiilor-la-universitatea-de-vara-si-tabara-studenteasca-balvanyos\/#breadcrumb","itemListElement":[{"@type":"ListItem","position":1,"name":"Home","item":"https:\/\/ehh.ro\/ro\/"},{"@type":"ListItem","position":2,"name":"Dans popular \u00een ritm rapid la Tusv\u00e1nyos\/B\u0103ile Tu\u0219nad &#8211; Casa Tradi\u021biilor la Universitatea de Var\u0103 \u0219i Tab\u0103ra Studen\u021beasc\u0103 \u201eB\u00e1lv\u00e1nyos\u201d"}]},{"@type":"WebSite","@id":"https:\/\/ehh.ro\/#website","url":"https:\/\/ehh.ro\/","name":"Erd\u00e9lyi Hagyom\u00e1nyok H\u00e1za","description":"","publisher":{"@id":"https:\/\/ehh.ro\/#organization"},"potentialAction":[{"@type":"SearchAction","target":{"@type":"EntryPoint","urlTemplate":"https:\/\/ehh.ro\/?s={search_term_string}"},"query-input":{"@type":"PropertyValueSpecification","valueRequired":true,"valueName":"search_term_string"}}],"inLanguage":"ro-RO"},{"@type":"Organization","@id":"https:\/\/ehh.ro\/#organization","name":"Erd\u00e9lyi Hagyom\u00e1nyok H\u00e1za","url":"https:\/\/ehh.ro\/","logo":{"@type":"ImageObject","inLanguage":"ro-RO","@id":"https:\/\/ehh.ro\/#\/schema\/logo\/image\/","url":"https:\/\/ehh.ro\/wp-content\/uploads\/2024\/10\/favicon-152.png","contentUrl":"https:\/\/ehh.ro\/wp-content\/uploads\/2024\/10\/favicon-152.png","width":152,"height":152,"caption":"Erd\u00e9lyi Hagyom\u00e1nyok H\u00e1za"},"image":{"@id":"https:\/\/ehh.ro\/#\/schema\/logo\/image\/"},"sameAs":["https:\/\/www.facebook.com\/ErdelyiHagyomanyokHaza"]},{"@type":"Person","@id":"https:\/\/ehh.ro\/#\/schema\/person\/22c0869ca773b3ea08fd0be8b672477e","name":"ehh","sameAs":["https:\/\/ehh.ro"],"url":"https:\/\/ehh.ro\/ro\/author\/ehh\/"}]}},"_links":{"self":[{"href":"https:\/\/ehh.ro\/ro\/wp-json\/wp\/v2\/posts\/5878","targetHints":{"allow":["GET"]}}],"collection":[{"href":"https:\/\/ehh.ro\/ro\/wp-json\/wp\/v2\/posts"}],"about":[{"href":"https:\/\/ehh.ro\/ro\/wp-json\/wp\/v2\/types\/post"}],"author":[{"embeddable":true,"href":"https:\/\/ehh.ro\/ro\/wp-json\/wp\/v2\/users\/1"}],"replies":[{"embeddable":true,"href":"https:\/\/ehh.ro\/ro\/wp-json\/wp\/v2\/comments?post=5878"}],"version-history":[{"count":1,"href":"https:\/\/ehh.ro\/ro\/wp-json\/wp\/v2\/posts\/5878\/revisions"}],"predecessor-version":[{"id":5883,"href":"https:\/\/ehh.ro\/ro\/wp-json\/wp\/v2\/posts\/5878\/revisions\/5883"}],"wp:featuredmedia":[{"embeddable":true,"href":"https:\/\/ehh.ro\/ro\/wp-json\/wp\/v2\/media\/5879"}],"wp:attachment":[{"href":"https:\/\/ehh.ro\/ro\/wp-json\/wp\/v2\/media?parent=5878"}],"wp:term":[{"taxonomy":"category","embeddable":true,"href":"https:\/\/ehh.ro\/ro\/wp-json\/wp\/v2\/categories?post=5878"},{"taxonomy":"post_tag","embeddable":true,"href":"https:\/\/ehh.ro\/ro\/wp-json\/wp\/v2\/tags?post=5878"}],"curies":[{"name":"wp","href":"https:\/\/api.w.org\/{rel}","templated":true}]}}