{"id":5720,"date":"2023-09-10T14:07:00","date_gmt":"2023-09-10T12:07:00","guid":{"rendered":"https:\/\/ehh.ro\/?p=5720"},"modified":"2025-02-24T12:14:34","modified_gmt":"2025-02-24T11:14:34","slug":"sarbatoarea-bucuriei-dansata-despre-intalnirea-casei-dansului-popular-din-transilvania","status":"publish","type":"post","link":"https:\/\/ehh.ro\/ro\/stiri\/sarbatoarea-bucuriei-dansata-despre-intalnirea-casei-dansului-popular-din-transilvania\/","title":{"rendered":"S\u0103rb\u0103toarea bucuriei dansat\u0103 &#8211; despre \u00cent\u00e2lnirea Casei dansului popular din Transilvania"},"content":{"rendered":"<p>Odorheiu Secuiesc a intrat \u00een istoria p\u0103str\u0103rii tradi\u021biei maghiare \u00een 1978: prima \u00eent\u00e2lnire de dans popular din lume a fost organizat\u0103 \u00een acest ora\u015f. De la debut\/\u00eenceput a devenit o tradi\u0163ie, \u015fi \u00een acest an, \u00eentre 7 \u015fi 9 septembrie, a fost organizat\u0103 \u00cent\u00e2lnirea Casei dansului popular din Transilvania. T\u00f3th J\u00e1nos, directorul profesional responsabil cu rela\u021biile de re\u021bea \u0219i cele sociale al Casei Tradi\u0163iilor, a \u00eemp\u0103rt\u0103\u015fit experien\u0163ele sale la fa\u021ba locului.\u00a0<\/p><p>\u201e \u00cent\u00e2lnirea este o adev\u0103rat\u0103 s\u0103rb\u0103toare a dansului, din moment ce prima \u00eent\u00e2lnire a casei de dans popular a avut loc \u00een ora\u0219ul de l\u00e2ng\u0103 T\u00e2rnav\u0103 \u00een 1978. Comunit\u0103\u0163ile au p\u0103strat cu m\u00e2ndrie aceast\u0103 nobil\u0103 tradi\u0163ie, pentru ca \u0219i noi s\u0103 putem s\u0103rb\u0103tori aceast\u0103 s\u0103rb\u0103toare \u00een zilele noastre. Privitorul\/spectatorul poate avea o experien\u021b\u0103 uimitoare; mii de oameni au vizitat ora\u0219ul Odorheiu Secuiesc. \u00cenainte de mas\u0103 povestim, iar acest moment al zilei este \u00eentr-adev\u0103r despre familii. Trec\u00e2nd prin pia\u0163a din spatele teatrului, \u00een parc, familiile discut\u0103, iar copiii deseneaz\u0103 senin pe asfalt. Da, orele trec \u00eentr-o atmosfer\u0103 de 1 Mai.<\/p><p>Putem considera cele trei zile ca o \u00eent\u00e2lnire non-profesional\u0103, putem experimenta magia de a fi \u00eempreun\u0103; putem sim\u021bi for\u021ba \u0219i puterea comunit\u0103\u021bii. Cei care vin de la sute sau chiar mii de kilometri se salut\u0103 ca vechi cunoscu\u021bi, iar bucuria lor se \u00eempr\u0103\u015ftie \u00een \u00eentreaga \u00eent\u00e2lnire. Prezen\u021ba dansatorilor \u0219i muzicienilor mi\u0219c\u0103rii de amatori este adev\u0103rata for\u021b\u0103 a \u00eent\u00e2lnirii, dar programele ansamblurilor profesionale ridic\u0103 luminozitatea evenimentului. Activit\u0103\u0163ile includ urm\u0103toarele, f\u0103r\u0103 a se limita la acestea, de exemplu, Sala Sporturilor Ora\u0219ului g\u0103zduie\u0219te s\u00e2mb\u0103t\u0103 seara spectacolul comun al Ansamblurilor de dansuri populare profesioniste maghiare din Transilvania.<\/p><figure class=\"wp-block-image\"><img decoding=\"async\" src=\"https:\/\/dev.ehh.ro\/files\/Halozat_anyagok\/Erd%C3%A9lyi_THT2_Forr%C3%A1s_Erd%C3%A9lyi_T%C3%A1nch%C3%A1ztal%C3%A1lkoz%C3%B32023.jpg\" alt=\"Erd\u00e9lyi THT2 Forr\u00e1s Erd\u00e9lyi T\u00e1nch\u00e1ztal\u00e1lkoz\u00f32023\"\/><\/figure><figure class=\"wp-block-image\"><img decoding=\"async\" src=\"https:\/\/dev.ehh.ro\/files\/Halozat_anyagok\/Erd%C3%A9lyi_THT__%C3%81d%C3%A1mGyula_fot%C3%B3ki%C3%A1ll%C3%ADt%C3%A1s_megnyit%C3%B3_Forr%C3%A1s_Erd%C3%A9lyi_T%C3%A1nch%C3%A1ztal%C3%A1lkoz%C3%B32023.jpg\" alt=\"Erd\u00e9lyi THT \u00c1d\u00e1mGyula fot\u00f3ki\u00e1ll\u00edt\u00e1s megnyit\u00f3 Forr\u00e1s Erd\u00e9lyi T\u00e1nch\u00e1ztal\u00e1lkoz\u00f32023\"\/><\/figure><p>Programele sunt organizate de Funda\u021bia Casa Tradi\u021biilor Ardelene\u0219ti, iar Institutul \u2013 completat de numero\u0219i voluntari \u2013 asigur\u0103 coloana vertebral\u0103 a personalului de regizie. \u00ce\u015fi aduce aportul la programe \u0219i Casa Tradi\u021biilor, deoarece principalul organizator local este Asocia\u021bia Cultural\u0103 Kaszaj, care este un partener strategic important pentru noi.<\/p><p>Vederea mul\u021bimii umple inima participantului de satisfac\u021bie: ini\u021biativa veche de patru decenii \u0219i jum\u0103tate a devenit acum o s\u0103rb\u0103toare vesel\u0103, unde toate col\u021burile Bazinului Carpatic sunt prezente &#8211; fie ca debutan\u021bi, interpre\u021bi sau invita\u021bi.\u201d<\/p>","protected":false},"excerpt":{"rendered":"<p>Odorheiu Secuiesc a intrat \u00een istoria p\u0103str\u0103rii tradi\u021biei maghiare \u00een 1978: prima \u00eent\u00e2lnire de dans popular din lume a fost organizat\u0103 \u00een acest ora\u015f. De la debut\/\u00eenceput a devenit o tradi\u0163ie, \u015fi \u00een acest an, \u00eentre 7 \u015fi 9 septembrie, a fost organizat\u0103 \u00cent\u00e2lnirea Casei dansului popular din Transilvania. T\u00f3th J\u00e1nos, directorul profesional responsabil cu&hellip;<\/p>\n","protected":false},"author":1,"featured_media":3721,"comment_status":"closed","ping_status":"closed","sticky":false,"template":"","format":"standard","meta":{"_acf_changed":false,"inline_featured_image":false,"footnotes":""},"categories":[180],"tags":[217,197,195],"class_list":["post-5720","post","type-post","status-publish","format-standard","has-post-thumbnail","hentry","category-stiri","tag-casa-dansului-popular","tag-dans-popular","tag-muzica-populara-2","category-180","description-off"],"acf":[],"yoast_head":"<!-- This site is optimized with the Yoast SEO plugin v23.6 - https:\/\/yoast.com\/wordpress\/plugins\/seo\/ -->\n<title>S\u0103rb\u0103toarea bucuriei dansat\u0103 - despre \u00cent\u00e2lnirea Casei dansului popular din Transilvania - Erd\u00e9lyi Hagyom\u00e1nyok H\u00e1za<\/title>\n<meta name=\"robots\" content=\"index, follow, max-snippet:-1, max-image-preview:large, max-video-preview:-1\" \/>\n<link rel=\"canonical\" href=\"https:\/\/ehh.ro\/ro\/stiri\/sarbatoarea-bucuriei-dansata-despre-intalnirea-casei-dansului-popular-din-transilvania\/\" \/>\n<meta property=\"og:locale\" content=\"ro_RO\" \/>\n<meta property=\"og:type\" content=\"article\" \/>\n<meta property=\"og:title\" content=\"S\u0103rb\u0103toarea bucuriei dansat\u0103 - despre \u00cent\u00e2lnirea Casei dansului popular din Transilvania - Erd\u00e9lyi Hagyom\u00e1nyok H\u00e1za\" \/>\n<meta property=\"og:description\" content=\"Odorheiu Secuiesc a intrat \u00een istoria p\u0103str\u0103rii tradi\u021biei maghiare \u00een 1978: prima \u00eent\u00e2lnire de dans popular din lume a fost organizat\u0103 \u00een acest ora\u015f. De la debut\/\u00eenceput a devenit o tradi\u0163ie, \u015fi \u00een acest an, \u00eentre 7 \u015fi 9 septembrie, a fost organizat\u0103 \u00cent\u00e2lnirea Casei dansului popular din Transilvania. T\u00f3th J\u00e1nos, directorul profesional responsabil cu&hellip;\" \/>\n<meta property=\"og:url\" content=\"https:\/\/ehh.ro\/ro\/stiri\/sarbatoarea-bucuriei-dansata-despre-intalnirea-casei-dansului-popular-din-transilvania\/\" \/>\n<meta property=\"og:site_name\" content=\"Erd\u00e9lyi Hagyom\u00e1nyok H\u00e1za\" \/>\n<meta property=\"article:publisher\" content=\"https:\/\/www.facebook.com\/ErdelyiHagyomanyokHaza\" \/>\n<meta property=\"article:published_time\" content=\"2023-09-10T12:07:00+00:00\" \/>\n<meta property=\"article:modified_time\" content=\"2025-02-24T11:14:34+00:00\" \/>\n<meta property=\"og:image\" content=\"https:\/\/ehh.ro\/wp-content\/uploads\/2024\/12\/Erdelyi_THT__Forras_Erdelyi_Tanchaztalalkozo2023.jpg\" \/>\n\t<meta property=\"og:image:width\" content=\"2048\" \/>\n\t<meta property=\"og:image:height\" content=\"1366\" \/>\n\t<meta property=\"og:image:type\" content=\"image\/jpeg\" \/>\n<meta name=\"author\" content=\"ehh\" \/>\n<meta name=\"twitter:card\" content=\"summary_large_image\" \/>\n<meta name=\"twitter:label1\" content=\"Scris de\" \/>\n\t<meta name=\"twitter:data1\" content=\"ehh\" \/>\n\t<meta name=\"twitter:label2\" content=\"Timp estimat pentru citire\" \/>\n\t<meta name=\"twitter:data2\" content=\"3 minute\" \/>\n<script type=\"application\/ld+json\" class=\"yoast-schema-graph\">{\"@context\":\"https:\/\/schema.org\",\"@graph\":[{\"@type\":\"Article\",\"@id\":\"https:\/\/ehh.ro\/ro\/stiri\/sarbatoarea-bucuriei-dansata-despre-intalnirea-casei-dansului-popular-din-transilvania\/#article\",\"isPartOf\":{\"@id\":\"https:\/\/ehh.ro\/ro\/stiri\/sarbatoarea-bucuriei-dansata-despre-intalnirea-casei-dansului-popular-din-transilvania\/\"},\"author\":{\"name\":\"ehh\",\"@id\":\"https:\/\/ehh.ro\/#\/schema\/person\/22c0869ca773b3ea08fd0be8b672477e\"},\"headline\":\"S\u0103rb\u0103toarea bucuriei dansat\u0103 &#8211; despre \u00cent\u00e2lnirea Casei dansului popular din Transilvania\",\"datePublished\":\"2023-09-10T12:07:00+00:00\",\"dateModified\":\"2025-02-24T11:14:34+00:00\",\"mainEntityOfPage\":{\"@id\":\"https:\/\/ehh.ro\/ro\/stiri\/sarbatoarea-bucuriei-dansata-despre-intalnirea-casei-dansului-popular-din-transilvania\/\"},\"wordCount\":423,\"publisher\":{\"@id\":\"https:\/\/ehh.ro\/#organization\"},\"image\":{\"@id\":\"https:\/\/ehh.ro\/ro\/stiri\/sarbatoarea-bucuriei-dansata-despre-intalnirea-casei-dansului-popular-din-transilvania\/#primaryimage\"},\"thumbnailUrl\":\"https:\/\/ehh.ro\/wp-content\/uploads\/2024\/12\/Erdelyi_THT__Forras_Erdelyi_Tanchaztalalkozo2023.jpg\",\"keywords\":[\"casa dansului popular\",\"dans popular\",\"muzica popular\u0103\"],\"articleSection\":[\"\u015etiri\"],\"inLanguage\":\"ro-RO\"},{\"@type\":\"WebPage\",\"@id\":\"https:\/\/ehh.ro\/ro\/stiri\/sarbatoarea-bucuriei-dansata-despre-intalnirea-casei-dansului-popular-din-transilvania\/\",\"url\":\"https:\/\/ehh.ro\/ro\/stiri\/sarbatoarea-bucuriei-dansata-despre-intalnirea-casei-dansului-popular-din-transilvania\/\",\"name\":\"S\u0103rb\u0103toarea bucuriei dansat\u0103 - despre \u00cent\u00e2lnirea Casei dansului popular din Transilvania - Erd\u00e9lyi Hagyom\u00e1nyok H\u00e1za\",\"isPartOf\":{\"@id\":\"https:\/\/ehh.ro\/#website\"},\"primaryImageOfPage\":{\"@id\":\"https:\/\/ehh.ro\/ro\/stiri\/sarbatoarea-bucuriei-dansata-despre-intalnirea-casei-dansului-popular-din-transilvania\/#primaryimage\"},\"image\":{\"@id\":\"https:\/\/ehh.ro\/ro\/stiri\/sarbatoarea-bucuriei-dansata-despre-intalnirea-casei-dansului-popular-din-transilvania\/#primaryimage\"},\"thumbnailUrl\":\"https:\/\/ehh.ro\/wp-content\/uploads\/2024\/12\/Erdelyi_THT__Forras_Erdelyi_Tanchaztalalkozo2023.jpg\",\"datePublished\":\"2023-09-10T12:07:00+00:00\",\"dateModified\":\"2025-02-24T11:14:34+00:00\",\"breadcrumb\":{\"@id\":\"https:\/\/ehh.ro\/ro\/stiri\/sarbatoarea-bucuriei-dansata-despre-intalnirea-casei-dansului-popular-din-transilvania\/#breadcrumb\"},\"inLanguage\":\"ro-RO\",\"potentialAction\":[{\"@type\":\"ReadAction\",\"target\":[\"https:\/\/ehh.ro\/ro\/stiri\/sarbatoarea-bucuriei-dansata-despre-intalnirea-casei-dansului-popular-din-transilvania\/\"]}]},{\"@type\":\"ImageObject\",\"inLanguage\":\"ro-RO\",\"@id\":\"https:\/\/ehh.ro\/ro\/stiri\/sarbatoarea-bucuriei-dansata-despre-intalnirea-casei-dansului-popular-din-transilvania\/#primaryimage\",\"url\":\"https:\/\/ehh.ro\/wp-content\/uploads\/2024\/12\/Erdelyi_THT__Forras_Erdelyi_Tanchaztalalkozo2023.jpg\",\"contentUrl\":\"https:\/\/ehh.ro\/wp-content\/uploads\/2024\/12\/Erdelyi_THT__Forras_Erdelyi_Tanchaztalalkozo2023.jpg\",\"width\":2048,\"height\":1366},{\"@type\":\"BreadcrumbList\",\"@id\":\"https:\/\/ehh.ro\/ro\/stiri\/sarbatoarea-bucuriei-dansata-despre-intalnirea-casei-dansului-popular-din-transilvania\/#breadcrumb\",\"itemListElement\":[{\"@type\":\"ListItem\",\"position\":1,\"name\":\"Home\",\"item\":\"https:\/\/ehh.ro\/ro\/\"},{\"@type\":\"ListItem\",\"position\":2,\"name\":\"S\u0103rb\u0103toarea bucuriei dansat\u0103 &#8211; despre \u00cent\u00e2lnirea Casei dansului popular din Transilvania\"}]},{\"@type\":\"WebSite\",\"@id\":\"https:\/\/ehh.ro\/#website\",\"url\":\"https:\/\/ehh.ro\/\",\"name\":\"Erd\u00e9lyi Hagyom\u00e1nyok H\u00e1za\",\"description\":\"\",\"publisher\":{\"@id\":\"https:\/\/ehh.ro\/#organization\"},\"potentialAction\":[{\"@type\":\"SearchAction\",\"target\":{\"@type\":\"EntryPoint\",\"urlTemplate\":\"https:\/\/ehh.ro\/?s={search_term_string}\"},\"query-input\":{\"@type\":\"PropertyValueSpecification\",\"valueRequired\":true,\"valueName\":\"search_term_string\"}}],\"inLanguage\":\"ro-RO\"},{\"@type\":\"Organization\",\"@id\":\"https:\/\/ehh.ro\/#organization\",\"name\":\"Erd\u00e9lyi Hagyom\u00e1nyok H\u00e1za\",\"url\":\"https:\/\/ehh.ro\/\",\"logo\":{\"@type\":\"ImageObject\",\"inLanguage\":\"ro-RO\",\"@id\":\"https:\/\/ehh.ro\/#\/schema\/logo\/image\/\",\"url\":\"https:\/\/ehh.ro\/wp-content\/uploads\/2024\/10\/favicon-152.png\",\"contentUrl\":\"https:\/\/ehh.ro\/wp-content\/uploads\/2024\/10\/favicon-152.png\",\"width\":152,\"height\":152,\"caption\":\"Erd\u00e9lyi Hagyom\u00e1nyok H\u00e1za\"},\"image\":{\"@id\":\"https:\/\/ehh.ro\/#\/schema\/logo\/image\/\"},\"sameAs\":[\"https:\/\/www.facebook.com\/ErdelyiHagyomanyokHaza\"]},{\"@type\":\"Person\",\"@id\":\"https:\/\/ehh.ro\/#\/schema\/person\/22c0869ca773b3ea08fd0be8b672477e\",\"name\":\"ehh\",\"sameAs\":[\"https:\/\/ehh.ro\"],\"url\":\"https:\/\/ehh.ro\/ro\/author\/ehh\/\"}]}<\/script>\n<!-- \/ Yoast SEO plugin. -->","yoast_head_json":{"title":"S\u0103rb\u0103toarea bucuriei dansat\u0103 - despre \u00cent\u00e2lnirea Casei dansului popular din Transilvania - Erd\u00e9lyi Hagyom\u00e1nyok H\u00e1za","robots":{"index":"index","follow":"follow","max-snippet":"max-snippet:-1","max-image-preview":"max-image-preview:large","max-video-preview":"max-video-preview:-1"},"canonical":"https:\/\/ehh.ro\/ro\/stiri\/sarbatoarea-bucuriei-dansata-despre-intalnirea-casei-dansului-popular-din-transilvania\/","og_locale":"ro_RO","og_type":"article","og_title":"S\u0103rb\u0103toarea bucuriei dansat\u0103 - despre \u00cent\u00e2lnirea Casei dansului popular din Transilvania - Erd\u00e9lyi Hagyom\u00e1nyok H\u00e1za","og_description":"Odorheiu Secuiesc a intrat \u00een istoria p\u0103str\u0103rii tradi\u021biei maghiare \u00een 1978: prima \u00eent\u00e2lnire de dans popular din lume a fost organizat\u0103 \u00een acest ora\u015f. De la debut\/\u00eenceput a devenit o tradi\u0163ie, \u015fi \u00een acest an, \u00eentre 7 \u015fi 9 septembrie, a fost organizat\u0103 \u00cent\u00e2lnirea Casei dansului popular din Transilvania. T\u00f3th J\u00e1nos, directorul profesional responsabil cu&hellip;","og_url":"https:\/\/ehh.ro\/ro\/stiri\/sarbatoarea-bucuriei-dansata-despre-intalnirea-casei-dansului-popular-din-transilvania\/","og_site_name":"Erd\u00e9lyi Hagyom\u00e1nyok H\u00e1za","article_publisher":"https:\/\/www.facebook.com\/ErdelyiHagyomanyokHaza","article_published_time":"2023-09-10T12:07:00+00:00","article_modified_time":"2025-02-24T11:14:34+00:00","og_image":[{"width":2048,"height":1366,"url":"https:\/\/ehh.ro\/wp-content\/uploads\/2024\/12\/Erdelyi_THT__Forras_Erdelyi_Tanchaztalalkozo2023.jpg","type":"image\/jpeg"}],"author":"ehh","twitter_card":"summary_large_image","twitter_misc":{"Scris de":"ehh","Timp estimat pentru citire":"3 minute"},"schema":{"@context":"https:\/\/schema.org","@graph":[{"@type":"Article","@id":"https:\/\/ehh.ro\/ro\/stiri\/sarbatoarea-bucuriei-dansata-despre-intalnirea-casei-dansului-popular-din-transilvania\/#article","isPartOf":{"@id":"https:\/\/ehh.ro\/ro\/stiri\/sarbatoarea-bucuriei-dansata-despre-intalnirea-casei-dansului-popular-din-transilvania\/"},"author":{"name":"ehh","@id":"https:\/\/ehh.ro\/#\/schema\/person\/22c0869ca773b3ea08fd0be8b672477e"},"headline":"S\u0103rb\u0103toarea bucuriei dansat\u0103 &#8211; despre \u00cent\u00e2lnirea Casei dansului popular din Transilvania","datePublished":"2023-09-10T12:07:00+00:00","dateModified":"2025-02-24T11:14:34+00:00","mainEntityOfPage":{"@id":"https:\/\/ehh.ro\/ro\/stiri\/sarbatoarea-bucuriei-dansata-despre-intalnirea-casei-dansului-popular-din-transilvania\/"},"wordCount":423,"publisher":{"@id":"https:\/\/ehh.ro\/#organization"},"image":{"@id":"https:\/\/ehh.ro\/ro\/stiri\/sarbatoarea-bucuriei-dansata-despre-intalnirea-casei-dansului-popular-din-transilvania\/#primaryimage"},"thumbnailUrl":"https:\/\/ehh.ro\/wp-content\/uploads\/2024\/12\/Erdelyi_THT__Forras_Erdelyi_Tanchaztalalkozo2023.jpg","keywords":["casa dansului popular","dans popular","muzica popular\u0103"],"articleSection":["\u015etiri"],"inLanguage":"ro-RO"},{"@type":"WebPage","@id":"https:\/\/ehh.ro\/ro\/stiri\/sarbatoarea-bucuriei-dansata-despre-intalnirea-casei-dansului-popular-din-transilvania\/","url":"https:\/\/ehh.ro\/ro\/stiri\/sarbatoarea-bucuriei-dansata-despre-intalnirea-casei-dansului-popular-din-transilvania\/","name":"S\u0103rb\u0103toarea bucuriei dansat\u0103 - despre \u00cent\u00e2lnirea Casei dansului popular din Transilvania - Erd\u00e9lyi Hagyom\u00e1nyok H\u00e1za","isPartOf":{"@id":"https:\/\/ehh.ro\/#website"},"primaryImageOfPage":{"@id":"https:\/\/ehh.ro\/ro\/stiri\/sarbatoarea-bucuriei-dansata-despre-intalnirea-casei-dansului-popular-din-transilvania\/#primaryimage"},"image":{"@id":"https:\/\/ehh.ro\/ro\/stiri\/sarbatoarea-bucuriei-dansata-despre-intalnirea-casei-dansului-popular-din-transilvania\/#primaryimage"},"thumbnailUrl":"https:\/\/ehh.ro\/wp-content\/uploads\/2024\/12\/Erdelyi_THT__Forras_Erdelyi_Tanchaztalalkozo2023.jpg","datePublished":"2023-09-10T12:07:00+00:00","dateModified":"2025-02-24T11:14:34+00:00","breadcrumb":{"@id":"https:\/\/ehh.ro\/ro\/stiri\/sarbatoarea-bucuriei-dansata-despre-intalnirea-casei-dansului-popular-din-transilvania\/#breadcrumb"},"inLanguage":"ro-RO","potentialAction":[{"@type":"ReadAction","target":["https:\/\/ehh.ro\/ro\/stiri\/sarbatoarea-bucuriei-dansata-despre-intalnirea-casei-dansului-popular-din-transilvania\/"]}]},{"@type":"ImageObject","inLanguage":"ro-RO","@id":"https:\/\/ehh.ro\/ro\/stiri\/sarbatoarea-bucuriei-dansata-despre-intalnirea-casei-dansului-popular-din-transilvania\/#primaryimage","url":"https:\/\/ehh.ro\/wp-content\/uploads\/2024\/12\/Erdelyi_THT__Forras_Erdelyi_Tanchaztalalkozo2023.jpg","contentUrl":"https:\/\/ehh.ro\/wp-content\/uploads\/2024\/12\/Erdelyi_THT__Forras_Erdelyi_Tanchaztalalkozo2023.jpg","width":2048,"height":1366},{"@type":"BreadcrumbList","@id":"https:\/\/ehh.ro\/ro\/stiri\/sarbatoarea-bucuriei-dansata-despre-intalnirea-casei-dansului-popular-din-transilvania\/#breadcrumb","itemListElement":[{"@type":"ListItem","position":1,"name":"Home","item":"https:\/\/ehh.ro\/ro\/"},{"@type":"ListItem","position":2,"name":"S\u0103rb\u0103toarea bucuriei dansat\u0103 &#8211; despre \u00cent\u00e2lnirea Casei dansului popular din Transilvania"}]},{"@type":"WebSite","@id":"https:\/\/ehh.ro\/#website","url":"https:\/\/ehh.ro\/","name":"Erd\u00e9lyi Hagyom\u00e1nyok H\u00e1za","description":"","publisher":{"@id":"https:\/\/ehh.ro\/#organization"},"potentialAction":[{"@type":"SearchAction","target":{"@type":"EntryPoint","urlTemplate":"https:\/\/ehh.ro\/?s={search_term_string}"},"query-input":{"@type":"PropertyValueSpecification","valueRequired":true,"valueName":"search_term_string"}}],"inLanguage":"ro-RO"},{"@type":"Organization","@id":"https:\/\/ehh.ro\/#organization","name":"Erd\u00e9lyi Hagyom\u00e1nyok H\u00e1za","url":"https:\/\/ehh.ro\/","logo":{"@type":"ImageObject","inLanguage":"ro-RO","@id":"https:\/\/ehh.ro\/#\/schema\/logo\/image\/","url":"https:\/\/ehh.ro\/wp-content\/uploads\/2024\/10\/favicon-152.png","contentUrl":"https:\/\/ehh.ro\/wp-content\/uploads\/2024\/10\/favicon-152.png","width":152,"height":152,"caption":"Erd\u00e9lyi Hagyom\u00e1nyok H\u00e1za"},"image":{"@id":"https:\/\/ehh.ro\/#\/schema\/logo\/image\/"},"sameAs":["https:\/\/www.facebook.com\/ErdelyiHagyomanyokHaza"]},{"@type":"Person","@id":"https:\/\/ehh.ro\/#\/schema\/person\/22c0869ca773b3ea08fd0be8b672477e","name":"ehh","sameAs":["https:\/\/ehh.ro"],"url":"https:\/\/ehh.ro\/ro\/author\/ehh\/"}]}},"_links":{"self":[{"href":"https:\/\/ehh.ro\/ro\/wp-json\/wp\/v2\/posts\/5720","targetHints":{"allow":["GET"]}}],"collection":[{"href":"https:\/\/ehh.ro\/ro\/wp-json\/wp\/v2\/posts"}],"about":[{"href":"https:\/\/ehh.ro\/ro\/wp-json\/wp\/v2\/types\/post"}],"author":[{"embeddable":true,"href":"https:\/\/ehh.ro\/ro\/wp-json\/wp\/v2\/users\/1"}],"replies":[{"embeddable":true,"href":"https:\/\/ehh.ro\/ro\/wp-json\/wp\/v2\/comments?post=5720"}],"version-history":[{"count":1,"href":"https:\/\/ehh.ro\/ro\/wp-json\/wp\/v2\/posts\/5720\/revisions"}],"predecessor-version":[{"id":5721,"href":"https:\/\/ehh.ro\/ro\/wp-json\/wp\/v2\/posts\/5720\/revisions\/5721"}],"wp:featuredmedia":[{"embeddable":true,"href":"https:\/\/ehh.ro\/ro\/wp-json\/wp\/v2\/media\/3721"}],"wp:attachment":[{"href":"https:\/\/ehh.ro\/ro\/wp-json\/wp\/v2\/media?parent=5720"}],"wp:term":[{"taxonomy":"category","embeddable":true,"href":"https:\/\/ehh.ro\/ro\/wp-json\/wp\/v2\/categories?post=5720"},{"taxonomy":"post_tag","embeddable":true,"href":"https:\/\/ehh.ro\/ro\/wp-json\/wp\/v2\/tags?post=5720"}],"curies":[{"name":"wp","href":"https:\/\/api.w.org\/{rel}","templated":true}]}}