{"id":10029,"date":"2026-01-26T09:15:42","date_gmt":"2026-01-26T08:15:42","guid":{"rendered":"https:\/\/ehh.ro\/stiri\/basme-povesti-si-muzica-seri-tematice-iii\/"},"modified":"2026-01-26T09:16:28","modified_gmt":"2026-01-26T08:16:28","slug":"basme-povesti-si-muzica-seri-tematice-iii","status":"publish","type":"post","link":"https:\/\/ehh.ro\/ro\/targu-mures\/basme-povesti-si-muzica-seri-tematice-iii\/","title":{"rendered":"BASME &#8211; Pove\u0219ti \u0219i muzic\u0103 &#8211; Seri tematice (III)"},"content":{"rendered":"<p>V\u0103 a\u0219tept\u0103m cu drag mar\u021bi, 10 februarie de la ora 18:00, \u00een sala Bart\u00f3k B\u00e9la a Casei Tradi\u021biilor Ardelene\u0219ti, la un spectacol deosebit av\u00e2nd ca tem\u0103 lumea basmelor. Vom avea ocazia s\u0103 ascult\u0103m piese din crea\u021bia compozitorilor: Grieg, Rimski-Korsakov, Ravel, Debussy, Bart\u00f3k, Musorgski, Stravinski, Rossini, Offenbach, Ceaikovski. Prin interpretarea folcloristei Erika Tekei vom asculta \u0219i pove\u0219ti alese tematicii propuse.<\/p><p><strong>Arti\u0219ti invita\u021bi, \u00een ordinea apari\u021biei pe scen\u0103:<\/strong><br class=\"html-br\">Magda K\u00e1sler, Kinga Bordos, Lajos Bartha, P\u00e9ter M\u00e1th\u00e9, Kl\u00e1ra S\u00e1ndor, \u00c1kos Sill\u00f3, Kincs\u0151 Trozner, Bor\u00f3ka Sz\u00e9lyes<\/p><p><strong>Redactarea programului:<\/strong> Boldizs\u00e1r Cs\u00edky<br class=\"html-br\"><strong>Text explicativ:<\/strong> Zsuzsa Kov\u00e1cs<\/p><p>V\u0103 rug\u0103m s\u0103 contribui\u021bi cu o dona\u021bie de 15 lei pentru buna desf\u0103\u0219urare a evenimentului.<\/p><p>\u00cen timpul evenimentului vor fi realizate materiale foto \u0219i video, care vor r\u0103m\u00e2ne \u00een proprietatea organizatorului \u0219i care pot fi utilizate \u00een conformitate cu legisla\u021bia \u00een vigoare.<\/p>","protected":false},"excerpt":{"rendered":"<p>V\u0103 a\u0219tept\u0103m cu drag mar\u021bi, 10 februarie de la ora 18:00, \u00een sala Bart\u00f3k B\u00e9la a Casei Tradi\u021biilor Ardelene\u0219ti, la un spectacol deosebit av\u00e2nd ca tem\u0103 lumea basmelor. <\/p>\n","protected":false},"author":1,"featured_media":10027,"comment_status":"closed","ping_status":"closed","sticky":false,"template":"","format":"standard","meta":{"_acf_changed":false,"inline_featured_image":false,"footnotes":""},"categories":[269],"tags":[320,308],"class_list":["post-10029","post","type-post","status-publish","format-standard","has-post-thumbnail","hentry","category-targu-mures","tag-basme","tag-muzica","category-269","description-off"],"acf":[],"yoast_head":"<!-- This site is optimized with the Yoast SEO plugin v23.6 - https:\/\/yoast.com\/wordpress\/plugins\/seo\/ -->\n<title>BASME - Pove\u0219ti \u0219i muzic\u0103 - Seri tematice (III) - Erd\u00e9lyi Hagyom\u00e1nyok H\u00e1za<\/title>\n<meta name=\"robots\" content=\"index, follow, max-snippet:-1, max-image-preview:large, max-video-preview:-1\" \/>\n<link rel=\"canonical\" href=\"https:\/\/ehh.ro\/ro\/targu-mures\/basme-povesti-si-muzica-seri-tematice-iii\/\" \/>\n<meta property=\"og:locale\" content=\"ro_RO\" \/>\n<meta property=\"og:type\" content=\"article\" \/>\n<meta property=\"og:title\" content=\"BASME - Pove\u0219ti \u0219i muzic\u0103 - Seri tematice (III) - Erd\u00e9lyi Hagyom\u00e1nyok H\u00e1za\" \/>\n<meta property=\"og:description\" content=\"V\u0103 a\u0219tept\u0103m cu drag mar\u021bi, 10 februarie de la ora 18:00, \u00een sala Bart\u00f3k B\u00e9la a Casei Tradi\u021biilor Ardelene\u0219ti, la un spectacol deosebit av\u00e2nd ca tem\u0103 lumea basmelor.\" \/>\n<meta property=\"og:url\" content=\"https:\/\/ehh.ro\/ro\/targu-mures\/basme-povesti-si-muzica-seri-tematice-iii\/\" \/>\n<meta property=\"og:site_name\" content=\"Erd\u00e9lyi Hagyom\u00e1nyok H\u00e1za\" \/>\n<meta property=\"article:publisher\" content=\"https:\/\/www.facebook.com\/ErdelyiHagyomanyokHaza\" \/>\n<meta property=\"article:published_time\" content=\"2026-01-26T08:15:42+00:00\" \/>\n<meta property=\"article:modified_time\" content=\"2026-01-26T08:16:28+00:00\" \/>\n<meta property=\"og:image\" content=\"https:\/\/ehh.ro\/wp-content\/uploads\/2026\/01\/mesezenems.jpg\" \/>\n\t<meta property=\"og:image:width\" content=\"2048\" \/>\n\t<meta property=\"og:image:height\" content=\"1072\" \/>\n\t<meta property=\"og:image:type\" content=\"image\/jpeg\" \/>\n<meta name=\"author\" content=\"ehh\" \/>\n<meta name=\"twitter:card\" content=\"summary_large_image\" \/>\n<meta name=\"twitter:label1\" content=\"Scris de\" \/>\n\t<meta name=\"twitter:data1\" content=\"ehh\" \/>\n\t<meta name=\"twitter:label2\" content=\"Timp estimat pentru citire\" \/>\n\t<meta name=\"twitter:data2\" content=\"1 minut\" \/>\n<script type=\"application\/ld+json\" class=\"yoast-schema-graph\">{\"@context\":\"https:\/\/schema.org\",\"@graph\":[{\"@type\":\"Article\",\"@id\":\"https:\/\/ehh.ro\/ro\/targu-mures\/basme-povesti-si-muzica-seri-tematice-iii\/#article\",\"isPartOf\":{\"@id\":\"https:\/\/ehh.ro\/ro\/targu-mures\/basme-povesti-si-muzica-seri-tematice-iii\/\"},\"author\":{\"name\":\"ehh\",\"@id\":\"https:\/\/ehh.ro\/#\/schema\/person\/22c0869ca773b3ea08fd0be8b672477e\"},\"headline\":\"BASME &#8211; Pove\u0219ti \u0219i muzic\u0103 &#8211; Seri tematice (III)\",\"datePublished\":\"2026-01-26T08:15:42+00:00\",\"dateModified\":\"2026-01-26T08:16:28+00:00\",\"mainEntityOfPage\":{\"@id\":\"https:\/\/ehh.ro\/ro\/targu-mures\/basme-povesti-si-muzica-seri-tematice-iii\/\"},\"wordCount\":171,\"publisher\":{\"@id\":\"https:\/\/ehh.ro\/#organization\"},\"image\":{\"@id\":\"https:\/\/ehh.ro\/ro\/targu-mures\/basme-povesti-si-muzica-seri-tematice-iii\/#primaryimage\"},\"thumbnailUrl\":\"https:\/\/ehh.ro\/wp-content\/uploads\/2026\/01\/mesezenems.jpg\",\"keywords\":[\"Basme\",\"muzic\u0103\"],\"articleSection\":[\"T\u00e2rgu Mure\u0219\"],\"inLanguage\":\"ro-RO\"},{\"@type\":\"WebPage\",\"@id\":\"https:\/\/ehh.ro\/ro\/targu-mures\/basme-povesti-si-muzica-seri-tematice-iii\/\",\"url\":\"https:\/\/ehh.ro\/ro\/targu-mures\/basme-povesti-si-muzica-seri-tematice-iii\/\",\"name\":\"BASME - Pove\u0219ti \u0219i muzic\u0103 - Seri tematice (III) - Erd\u00e9lyi Hagyom\u00e1nyok H\u00e1za\",\"isPartOf\":{\"@id\":\"https:\/\/ehh.ro\/#website\"},\"primaryImageOfPage\":{\"@id\":\"https:\/\/ehh.ro\/ro\/targu-mures\/basme-povesti-si-muzica-seri-tematice-iii\/#primaryimage\"},\"image\":{\"@id\":\"https:\/\/ehh.ro\/ro\/targu-mures\/basme-povesti-si-muzica-seri-tematice-iii\/#primaryimage\"},\"thumbnailUrl\":\"https:\/\/ehh.ro\/wp-content\/uploads\/2026\/01\/mesezenems.jpg\",\"datePublished\":\"2026-01-26T08:15:42+00:00\",\"dateModified\":\"2026-01-26T08:16:28+00:00\",\"breadcrumb\":{\"@id\":\"https:\/\/ehh.ro\/ro\/targu-mures\/basme-povesti-si-muzica-seri-tematice-iii\/#breadcrumb\"},\"inLanguage\":\"ro-RO\",\"potentialAction\":[{\"@type\":\"ReadAction\",\"target\":[\"https:\/\/ehh.ro\/ro\/targu-mures\/basme-povesti-si-muzica-seri-tematice-iii\/\"]}]},{\"@type\":\"ImageObject\",\"inLanguage\":\"ro-RO\",\"@id\":\"https:\/\/ehh.ro\/ro\/targu-mures\/basme-povesti-si-muzica-seri-tematice-iii\/#primaryimage\",\"url\":\"https:\/\/ehh.ro\/wp-content\/uploads\/2026\/01\/mesezenems.jpg\",\"contentUrl\":\"https:\/\/ehh.ro\/wp-content\/uploads\/2026\/01\/mesezenems.jpg\",\"width\":2048,\"height\":1072},{\"@type\":\"BreadcrumbList\",\"@id\":\"https:\/\/ehh.ro\/ro\/targu-mures\/basme-povesti-si-muzica-seri-tematice-iii\/#breadcrumb\",\"itemListElement\":[{\"@type\":\"ListItem\",\"position\":1,\"name\":\"Home\",\"item\":\"https:\/\/ehh.ro\/ro\/\"},{\"@type\":\"ListItem\",\"position\":2,\"name\":\"BASME &#8211; Pove\u0219ti \u0219i muzic\u0103 &#8211; Seri tematice (III)\"}]},{\"@type\":\"WebSite\",\"@id\":\"https:\/\/ehh.ro\/#website\",\"url\":\"https:\/\/ehh.ro\/\",\"name\":\"Erd\u00e9lyi Hagyom\u00e1nyok H\u00e1za\",\"description\":\"\",\"publisher\":{\"@id\":\"https:\/\/ehh.ro\/#organization\"},\"potentialAction\":[{\"@type\":\"SearchAction\",\"target\":{\"@type\":\"EntryPoint\",\"urlTemplate\":\"https:\/\/ehh.ro\/?s={search_term_string}\"},\"query-input\":{\"@type\":\"PropertyValueSpecification\",\"valueRequired\":true,\"valueName\":\"search_term_string\"}}],\"inLanguage\":\"ro-RO\"},{\"@type\":\"Organization\",\"@id\":\"https:\/\/ehh.ro\/#organization\",\"name\":\"Erd\u00e9lyi Hagyom\u00e1nyok H\u00e1za\",\"url\":\"https:\/\/ehh.ro\/\",\"logo\":{\"@type\":\"ImageObject\",\"inLanguage\":\"ro-RO\",\"@id\":\"https:\/\/ehh.ro\/#\/schema\/logo\/image\/\",\"url\":\"https:\/\/ehh.ro\/wp-content\/uploads\/2024\/10\/favicon-152.png\",\"contentUrl\":\"https:\/\/ehh.ro\/wp-content\/uploads\/2024\/10\/favicon-152.png\",\"width\":152,\"height\":152,\"caption\":\"Erd\u00e9lyi Hagyom\u00e1nyok H\u00e1za\"},\"image\":{\"@id\":\"https:\/\/ehh.ro\/#\/schema\/logo\/image\/\"},\"sameAs\":[\"https:\/\/www.facebook.com\/ErdelyiHagyomanyokHaza\"]},{\"@type\":\"Person\",\"@id\":\"https:\/\/ehh.ro\/#\/schema\/person\/22c0869ca773b3ea08fd0be8b672477e\",\"name\":\"ehh\",\"sameAs\":[\"https:\/\/ehh.ro\"],\"url\":\"https:\/\/ehh.ro\/ro\/author\/ehh\/\"}]}<\/script>\n<!-- \/ Yoast SEO plugin. -->","yoast_head_json":{"title":"BASME - Pove\u0219ti \u0219i muzic\u0103 - Seri tematice (III) - Erd\u00e9lyi Hagyom\u00e1nyok H\u00e1za","robots":{"index":"index","follow":"follow","max-snippet":"max-snippet:-1","max-image-preview":"max-image-preview:large","max-video-preview":"max-video-preview:-1"},"canonical":"https:\/\/ehh.ro\/ro\/targu-mures\/basme-povesti-si-muzica-seri-tematice-iii\/","og_locale":"ro_RO","og_type":"article","og_title":"BASME - Pove\u0219ti \u0219i muzic\u0103 - Seri tematice (III) - Erd\u00e9lyi Hagyom\u00e1nyok H\u00e1za","og_description":"V\u0103 a\u0219tept\u0103m cu drag mar\u021bi, 10 februarie de la ora 18:00, \u00een sala Bart\u00f3k B\u00e9la a Casei Tradi\u021biilor Ardelene\u0219ti, la un spectacol deosebit av\u00e2nd ca tem\u0103 lumea basmelor.","og_url":"https:\/\/ehh.ro\/ro\/targu-mures\/basme-povesti-si-muzica-seri-tematice-iii\/","og_site_name":"Erd\u00e9lyi Hagyom\u00e1nyok H\u00e1za","article_publisher":"https:\/\/www.facebook.com\/ErdelyiHagyomanyokHaza","article_published_time":"2026-01-26T08:15:42+00:00","article_modified_time":"2026-01-26T08:16:28+00:00","og_image":[{"width":2048,"height":1072,"url":"https:\/\/ehh.ro\/wp-content\/uploads\/2026\/01\/mesezenems.jpg","type":"image\/jpeg"}],"author":"ehh","twitter_card":"summary_large_image","twitter_misc":{"Scris de":"ehh","Timp estimat pentru citire":"1 minut"},"schema":{"@context":"https:\/\/schema.org","@graph":[{"@type":"Article","@id":"https:\/\/ehh.ro\/ro\/targu-mures\/basme-povesti-si-muzica-seri-tematice-iii\/#article","isPartOf":{"@id":"https:\/\/ehh.ro\/ro\/targu-mures\/basme-povesti-si-muzica-seri-tematice-iii\/"},"author":{"name":"ehh","@id":"https:\/\/ehh.ro\/#\/schema\/person\/22c0869ca773b3ea08fd0be8b672477e"},"headline":"BASME &#8211; Pove\u0219ti \u0219i muzic\u0103 &#8211; Seri tematice (III)","datePublished":"2026-01-26T08:15:42+00:00","dateModified":"2026-01-26T08:16:28+00:00","mainEntityOfPage":{"@id":"https:\/\/ehh.ro\/ro\/targu-mures\/basme-povesti-si-muzica-seri-tematice-iii\/"},"wordCount":171,"publisher":{"@id":"https:\/\/ehh.ro\/#organization"},"image":{"@id":"https:\/\/ehh.ro\/ro\/targu-mures\/basme-povesti-si-muzica-seri-tematice-iii\/#primaryimage"},"thumbnailUrl":"https:\/\/ehh.ro\/wp-content\/uploads\/2026\/01\/mesezenems.jpg","keywords":["Basme","muzic\u0103"],"articleSection":["T\u00e2rgu Mure\u0219"],"inLanguage":"ro-RO"},{"@type":"WebPage","@id":"https:\/\/ehh.ro\/ro\/targu-mures\/basme-povesti-si-muzica-seri-tematice-iii\/","url":"https:\/\/ehh.ro\/ro\/targu-mures\/basme-povesti-si-muzica-seri-tematice-iii\/","name":"BASME - Pove\u0219ti \u0219i muzic\u0103 - Seri tematice (III) - Erd\u00e9lyi Hagyom\u00e1nyok H\u00e1za","isPartOf":{"@id":"https:\/\/ehh.ro\/#website"},"primaryImageOfPage":{"@id":"https:\/\/ehh.ro\/ro\/targu-mures\/basme-povesti-si-muzica-seri-tematice-iii\/#primaryimage"},"image":{"@id":"https:\/\/ehh.ro\/ro\/targu-mures\/basme-povesti-si-muzica-seri-tematice-iii\/#primaryimage"},"thumbnailUrl":"https:\/\/ehh.ro\/wp-content\/uploads\/2026\/01\/mesezenems.jpg","datePublished":"2026-01-26T08:15:42+00:00","dateModified":"2026-01-26T08:16:28+00:00","breadcrumb":{"@id":"https:\/\/ehh.ro\/ro\/targu-mures\/basme-povesti-si-muzica-seri-tematice-iii\/#breadcrumb"},"inLanguage":"ro-RO","potentialAction":[{"@type":"ReadAction","target":["https:\/\/ehh.ro\/ro\/targu-mures\/basme-povesti-si-muzica-seri-tematice-iii\/"]}]},{"@type":"ImageObject","inLanguage":"ro-RO","@id":"https:\/\/ehh.ro\/ro\/targu-mures\/basme-povesti-si-muzica-seri-tematice-iii\/#primaryimage","url":"https:\/\/ehh.ro\/wp-content\/uploads\/2026\/01\/mesezenems.jpg","contentUrl":"https:\/\/ehh.ro\/wp-content\/uploads\/2026\/01\/mesezenems.jpg","width":2048,"height":1072},{"@type":"BreadcrumbList","@id":"https:\/\/ehh.ro\/ro\/targu-mures\/basme-povesti-si-muzica-seri-tematice-iii\/#breadcrumb","itemListElement":[{"@type":"ListItem","position":1,"name":"Home","item":"https:\/\/ehh.ro\/ro\/"},{"@type":"ListItem","position":2,"name":"BASME &#8211; Pove\u0219ti \u0219i muzic\u0103 &#8211; Seri tematice (III)"}]},{"@type":"WebSite","@id":"https:\/\/ehh.ro\/#website","url":"https:\/\/ehh.ro\/","name":"Erd\u00e9lyi Hagyom\u00e1nyok H\u00e1za","description":"","publisher":{"@id":"https:\/\/ehh.ro\/#organization"},"potentialAction":[{"@type":"SearchAction","target":{"@type":"EntryPoint","urlTemplate":"https:\/\/ehh.ro\/?s={search_term_string}"},"query-input":{"@type":"PropertyValueSpecification","valueRequired":true,"valueName":"search_term_string"}}],"inLanguage":"ro-RO"},{"@type":"Organization","@id":"https:\/\/ehh.ro\/#organization","name":"Erd\u00e9lyi Hagyom\u00e1nyok H\u00e1za","url":"https:\/\/ehh.ro\/","logo":{"@type":"ImageObject","inLanguage":"ro-RO","@id":"https:\/\/ehh.ro\/#\/schema\/logo\/image\/","url":"https:\/\/ehh.ro\/wp-content\/uploads\/2024\/10\/favicon-152.png","contentUrl":"https:\/\/ehh.ro\/wp-content\/uploads\/2024\/10\/favicon-152.png","width":152,"height":152,"caption":"Erd\u00e9lyi Hagyom\u00e1nyok H\u00e1za"},"image":{"@id":"https:\/\/ehh.ro\/#\/schema\/logo\/image\/"},"sameAs":["https:\/\/www.facebook.com\/ErdelyiHagyomanyokHaza"]},{"@type":"Person","@id":"https:\/\/ehh.ro\/#\/schema\/person\/22c0869ca773b3ea08fd0be8b672477e","name":"ehh","sameAs":["https:\/\/ehh.ro"],"url":"https:\/\/ehh.ro\/ro\/author\/ehh\/"}]}},"_links":{"self":[{"href":"https:\/\/ehh.ro\/ro\/wp-json\/wp\/v2\/posts\/10029","targetHints":{"allow":["GET"]}}],"collection":[{"href":"https:\/\/ehh.ro\/ro\/wp-json\/wp\/v2\/posts"}],"about":[{"href":"https:\/\/ehh.ro\/ro\/wp-json\/wp\/v2\/types\/post"}],"author":[{"embeddable":true,"href":"https:\/\/ehh.ro\/ro\/wp-json\/wp\/v2\/users\/1"}],"replies":[{"embeddable":true,"href":"https:\/\/ehh.ro\/ro\/wp-json\/wp\/v2\/comments?post=10029"}],"version-history":[{"count":2,"href":"https:\/\/ehh.ro\/ro\/wp-json\/wp\/v2\/posts\/10029\/revisions"}],"predecessor-version":[{"id":10031,"href":"https:\/\/ehh.ro\/ro\/wp-json\/wp\/v2\/posts\/10029\/revisions\/10031"}],"wp:featuredmedia":[{"embeddable":true,"href":"https:\/\/ehh.ro\/ro\/wp-json\/wp\/v2\/media\/10027"}],"wp:attachment":[{"href":"https:\/\/ehh.ro\/ro\/wp-json\/wp\/v2\/media?parent=10029"}],"wp:term":[{"taxonomy":"category","embeddable":true,"href":"https:\/\/ehh.ro\/ro\/wp-json\/wp\/v2\/categories?post=10029"},{"taxonomy":"post_tag","embeddable":true,"href":"https:\/\/ehh.ro\/ro\/wp-json\/wp\/v2\/tags?post=10029"}],"curies":[{"name":"wp","href":"https:\/\/api.w.org\/{rel}","templated":true}]}}